{"id":2142,"date":"2025-04-22T14:52:24","date_gmt":"2025-04-22T12:52:24","guid":{"rendered":"https:\/\/stoll-freres.ch\/?p=2142"},"modified":"2025-05-27T14:39:07","modified_gmt":"2025-05-27T12:39:07","slug":"tomates-locais-e-saborosos-da-primavera","status":"publish","type":"post","link":"https:\/\/stoll-freres.ch\/pt\/des-tomates-locales-et-savoureuses-des-le-printemps\/","title":{"rendered":"Tomates locais e saborosos da primavera"},"content":{"rendered":"<div data-elementor-type=\"wp-post\" data-elementor-id=\"2142\" class=\"elementor elementor-2142\" data-elementor-post-type=\"post\">\n\t\t\t\t\t\t<section class=\"elementor-section elementor-top-section elementor-element elementor-element-ef6ad4d elementor-section-boxed elementor-section-height-default elementor-section-height-default\" data-id=\"ef6ad4d\" data-element_type=\"section\" data-e-type=\"section\" id=\"actus\">\n\t\t\t\t\t\t<div class=\"elementor-container elementor-column-gap-default\">\n\t\t\t\t\t<div class=\"elementor-column elementor-col-100 elementor-top-column elementor-element elementor-element-7217661\" data-id=\"7217661\" data-element_type=\"column\" data-e-type=\"column\">\n\t\t\t<div class=\"elementor-widget-wrap elementor-element-populated\">\n\t\t\t\t\t\t<div class=\"elementor-element elementor-element-7c7670a elementor-widget elementor-widget-text-editor\" data-id=\"7c7670a\" data-element_type=\"widget\" data-e-type=\"widget\" data-widget_type=\"text-editor.default\">\n\t\t\t\t<div class=\"elementor-widget-container\">\n\t\t\t\t\t\t\t\t\t<p><span class=\"OYPEnA font-feature-liga-off font-feature-clig-off font-feature-calt-off text-decoration-none text-strikethrough-none\">\u00a9 sinergias criativas, Laurent Bailly<\/span><\/p>\t\t\t\t\t\t\t\t<\/div>\n\t\t\t\t<\/div>\n\t\t\t\t<div class=\"elementor-element elementor-element-f1195b2 elementor-widget elementor-widget-text-editor\" data-id=\"f1195b2\" data-element_type=\"widget\" data-e-type=\"widget\" data-widget_type=\"text-editor.default\">\n\t\t\t\t<div class=\"elementor-widget-container\">\n\t\t\t\t\t\t\t\t\t<h3>Plante cedo para colheitas generosas<\/h3>\n<p>Na primeira semana de janeiro, saladas caprese, &quot;ouri\u00e7os de aperitivo&quot; e bruschetta j\u00e1 estavam em nossas mentes. Foi quando come\u00e7amos a plantar tomates em nossas estufas. Esta fase inicia uma esta\u00e7\u00e3o de crescimento que dura at\u00e9 o final de novembro.<\/p>\n<p>Por que t\u00e3o cedo? &quot;Para que as plantas cres\u00e7am fortes e as colheitas sejam abundantes no ver\u00e3o&quot;, explica Ana-Maria Costea, respons\u00e1vel pelas planta\u00e7\u00f5es de tomate. O pico de produ\u00e7\u00e3o ocorre por volta do final de maio, in\u00edcio de junho. Mas a partir de meados de mar\u00e7o, os primeiros frutos aparecem, t\u00e3o saborosos quanto no auge do ver\u00e3o.<\/p>\n<h3>Produ\u00e7\u00e3o que atende a forte demanda<\/h3>\n<p>Os su\u00ed\u00e7os adoram tomates. Com quase 10 kg consumidos por pessoa a cada ano, eles est\u00e3o entre os vegetais mais populares. Embora a demanda aumente no ver\u00e3o, ela permanece presente durante todo o ano.<\/p>\n<p>&quot;Ao cultivar em substrato em estufa, criamos as condi\u00e7\u00f5es ideais para os tomates, o que nos permite colh\u00ea-los por mais de oito meses por ano&quot;, enfatiza Julien Stoll, diretor de produ\u00e7\u00e3o. \u00c9 uma maneira concreta de responder ao apetite su\u00ed\u00e7o por tomates, sem comprometer a origem e o frescor.<\/p>\n<h4>Leia tamb\u00e9m: <a href=\"https:\/\/stoll-freres.ch\/pt\/a-rainha-tomate-dos-pratos-e-das-nossas-estufas\/\">O tomate, rainha dos pratos e das nossas estufas<\/a><\/h4>\n<h3>Diversidade e sabores<\/h3>\n<p>Na Stoll Fr\u00e8res, os tomates s\u00e3o uma quest\u00e3o de paix\u00e3o. Quase 15% de tomates su\u00ed\u00e7os vendidos em nosso pa\u00eds v\u00eam de nossas estufas. Redondos, em cachos, cereja, vermelhos, amarelos\u2026 cultivamos uma grande variedade. Eles s\u00e3o comercializados sob os r\u00f3tulos Swiss Red e Coop Primagust, entre outros.<\/p>\n<h4>Leia tamb\u00e9m: <a href=\"https:\/\/stoll-freres.ch\/pt\/nossos-tomates-cereja-campeoes-do-teste-de-equilibrio\/\">Nossos tomates cereja, campe\u00f5es do teste Saldo<\/a><\/h4>\n<p>\u00a0<\/p>\n<p>Para os gourmets, tamb\u00e9m oferecemos os tomates roxos YOOM\u00ae, da marca ArteGusto, que criamos em parceria com outros horticultores que, assim como n\u00f3s, compartilham o gosto por coisas boas.<\/p>\n<p>De mar\u00e7o a novembro, nossos tomates acompanham todos os pratos e todos os desejos, com a qualidade que esperamos de um produto cultivado localmente.<\/p>\t\t\t\t\t\t\t\t<\/div>\n\t\t\t\t<\/div>\n\t\t\t\t\t<\/div>\n\t\t<\/div>\n\t\t\t\t\t<\/div>\n\t\t<\/section>\n\t\t\t\t<\/div>","protected":false},"excerpt":{"rendered":"<p>Os tomates das nossas estufas chegam \u00e0s prateleiras a partir de meados de mar\u00e7o e anunciam o retorno dos dias ensolarados. Por tr\u00e1s dessa precocidade: paix\u00e3o, t\u00e9cnica, saber fazer e a vontade de oferecer um produto local para atender a uma demanda que vai muito al\u00e9m do per\u00edodo de ver\u00e3o.<\/p>","protected":false},"author":3,"featured_media":2143,"comment_status":"closed","ping_status":"closed","sticky":false,"template":"","format":"standard","meta":{"footnotes":""},"categories":[13,12],"tags":[],"class_list":["post-2142","post","type-post","status-publish","format-standard","has-post-thumbnail","hentry","category-cultures-methodes","category-saveurs-qualite"],"yoast_head":"<!-- This site is optimized with the Yoast SEO plugin v27.5 - https:\/\/yoast.com\/product\/yoast-seo-wordpress\/ -->\n<title>Des tomates locales et savoureuses d\u00e8s le printemps - STOLL Fr\u00e8res SA<\/title>\n<meta name=\"robots\" content=\"index, follow, max-snippet:-1, max-image-preview:large, max-video-preview:-1\" \/>\n<link rel=\"canonical\" href=\"https:\/\/stoll-freres.ch\/pt\/tomates-locais-e-saborosos-da-primavera\/\" \/>\n<meta property=\"og:locale\" content=\"pt_PT\" \/>\n<meta property=\"og:type\" content=\"article\" \/>\n<meta property=\"og:title\" content=\"Des tomates locales et savoureuses d\u00e8s le printemps - STOLL Fr\u00e8res SA\" \/>\n<meta property=\"og:description\" content=\"Les tomates issues de nos serres arrivent en rayon d\u00e8s la mi-mars et annoncent le retour des beaux jours. Derri\u00e8re cette pr\u00e9cocit\u00e9: de la passion, de la technique, du savoir-faire et la volont\u00e9 de proposer un produit local pour r\u00e9pondre \u00e0 une demande qui d\u00e9passe largement la seule p\u00e9riode estivale.\" \/>\n<meta property=\"og:url\" content=\"https:\/\/stoll-freres.ch\/pt\/tomates-locais-e-saborosos-da-primavera\/\" \/>\n<meta property=\"og:site_name\" content=\"STOLL Fr\u00e8res SA\" \/>\n<meta property=\"article:published_time\" content=\"2025-04-22T12:52:24+00:00\" \/>\n<meta property=\"article:modified_time\" content=\"2025-05-27T12:39:07+00:00\" \/>\n<meta property=\"og:image\" content=\"https:\/\/stoll-freres.ch\/wp-content\/uploads\/2025\/04\/Saison-des-tomates.jpg\" \/>\n\t<meta property=\"og:image:width\" content=\"1600\" \/>\n\t<meta property=\"og:image:height\" content=\"1076\" \/>\n\t<meta property=\"og:image:type\" content=\"image\/jpeg\" \/>\n<meta name=\"author\" content=\"Deborah Coia\" \/>\n<meta name=\"twitter:card\" content=\"summary_large_image\" \/>\n<meta name=\"twitter:label1\" content=\"Escrito por\" \/>\n\t<meta name=\"twitter:data1\" content=\"Deborah Coia\" \/>\n\t<meta name=\"twitter:label2\" content=\"Tempo estimado de leitura\" \/>\n\t<meta name=\"twitter:data2\" content=\"2 minutos\" \/>\n<script type=\"application\/ld+json\" class=\"yoast-schema-graph\">{\"@context\":\"https:\\\/\\\/schema.org\",\"@graph\":[{\"@type\":\"Article\",\"@id\":\"https:\\\/\\\/stoll-freres.ch\\\/des-tomates-locales-et-savoureuses-des-le-printemps\\\/#article\",\"isPartOf\":{\"@id\":\"https:\\\/\\\/stoll-freres.ch\\\/des-tomates-locales-et-savoureuses-des-le-printemps\\\/\"},\"author\":{\"name\":\"Deborah Coia\",\"@id\":\"https:\\\/\\\/stoll-freres.ch\\\/#\\\/schema\\\/person\\\/f4c09d3b332fc58e708640ad2a9f9903\"},\"headline\":\"Des tomates locales et savoureuses d\u00e8s le printemps\",\"datePublished\":\"2025-04-22T12:52:24+00:00\",\"dateModified\":\"2025-05-27T12:39:07+00:00\",\"mainEntityOfPage\":{\"@id\":\"https:\\\/\\\/stoll-freres.ch\\\/des-tomates-locales-et-savoureuses-des-le-printemps\\\/\"},\"wordCount\":394,\"publisher\":{\"@id\":\"https:\\\/\\\/stoll-freres.ch\\\/#organization\"},\"image\":{\"@id\":\"https:\\\/\\\/stoll-freres.ch\\\/des-tomates-locales-et-savoureuses-des-le-printemps\\\/#primaryimage\"},\"thumbnailUrl\":\"https:\\\/\\\/stoll-freres.ch\\\/wp-content\\\/uploads\\\/2025\\\/04\\\/Saison-des-tomates.jpg\",\"articleSection\":[\"Cultures &amp; M\u00e9thodes\",\"Saveurs &amp; Qualit\u00e9\"],\"inLanguage\":\"pt-PT\"},{\"@type\":\"WebPage\",\"@id\":\"https:\\\/\\\/stoll-freres.ch\\\/des-tomates-locales-et-savoureuses-des-le-printemps\\\/\",\"url\":\"https:\\\/\\\/stoll-freres.ch\\\/des-tomates-locales-et-savoureuses-des-le-printemps\\\/\",\"name\":\"Des tomates locales et savoureuses d\u00e8s le printemps - STOLL Fr\u00e8res SA\",\"isPartOf\":{\"@id\":\"https:\\\/\\\/stoll-freres.ch\\\/#website\"},\"primaryImageOfPage\":{\"@id\":\"https:\\\/\\\/stoll-freres.ch\\\/des-tomates-locales-et-savoureuses-des-le-printemps\\\/#primaryimage\"},\"image\":{\"@id\":\"https:\\\/\\\/stoll-freres.ch\\\/des-tomates-locales-et-savoureuses-des-le-printemps\\\/#primaryimage\"},\"thumbnailUrl\":\"https:\\\/\\\/stoll-freres.ch\\\/wp-content\\\/uploads\\\/2025\\\/04\\\/Saison-des-tomates.jpg\",\"datePublished\":\"2025-04-22T12:52:24+00:00\",\"dateModified\":\"2025-05-27T12:39:07+00:00\",\"breadcrumb\":{\"@id\":\"https:\\\/\\\/stoll-freres.ch\\\/des-tomates-locales-et-savoureuses-des-le-printemps\\\/#breadcrumb\"},\"inLanguage\":\"pt-PT\",\"potentialAction\":[{\"@type\":\"ReadAction\",\"target\":[\"https:\\\/\\\/stoll-freres.ch\\\/des-tomates-locales-et-savoureuses-des-le-printemps\\\/\"]}]},{\"@type\":\"ImageObject\",\"inLanguage\":\"pt-PT\",\"@id\":\"https:\\\/\\\/stoll-freres.ch\\\/des-tomates-locales-et-savoureuses-des-le-printemps\\\/#primaryimage\",\"url\":\"https:\\\/\\\/stoll-freres.ch\\\/wp-content\\\/uploads\\\/2025\\\/04\\\/Saison-des-tomates.jpg\",\"contentUrl\":\"https:\\\/\\\/stoll-freres.ch\\\/wp-content\\\/uploads\\\/2025\\\/04\\\/Saison-des-tomates.jpg\",\"width\":1600,\"height\":1076},{\"@type\":\"BreadcrumbList\",\"@id\":\"https:\\\/\\\/stoll-freres.ch\\\/des-tomates-locales-et-savoureuses-des-le-printemps\\\/#breadcrumb\",\"itemListElement\":[{\"@type\":\"ListItem\",\"position\":1,\"name\":\"Accueil\",\"item\":\"https:\\\/\\\/stoll-freres.ch\\\/\"},{\"@type\":\"ListItem\",\"position\":2,\"name\":\"Des tomates locales et savoureuses d\u00e8s le printemps\"}]},{\"@type\":\"WebSite\",\"@id\":\"https:\\\/\\\/stoll-freres.ch\\\/#website\",\"url\":\"https:\\\/\\\/stoll-freres.ch\\\/\",\"name\":\"STOLL Fr\u00e8res SA\",\"description\":\"Primeurs en gros\",\"publisher\":{\"@id\":\"https:\\\/\\\/stoll-freres.ch\\\/#organization\"},\"potentialAction\":[{\"@type\":\"SearchAction\",\"target\":{\"@type\":\"EntryPoint\",\"urlTemplate\":\"https:\\\/\\\/stoll-freres.ch\\\/?s={search_term_string}\"},\"query-input\":{\"@type\":\"PropertyValueSpecification\",\"valueRequired\":true,\"valueName\":\"search_term_string\"}}],\"inLanguage\":\"pt-PT\"},{\"@type\":\"Organization\",\"@id\":\"https:\\\/\\\/stoll-freres.ch\\\/#organization\",\"name\":\"STOLL Fr\u00e8res SA\",\"url\":\"https:\\\/\\\/stoll-freres.ch\\\/\",\"logo\":{\"@type\":\"ImageObject\",\"inLanguage\":\"pt-PT\",\"@id\":\"https:\\\/\\\/stoll-freres.ch\\\/#\\\/schema\\\/logo\\\/image\\\/\",\"url\":\"https:\\\/\\\/stoll-freres.ch\\\/wp-content\\\/uploads\\\/2024\\\/10\\\/Stoll_Logo.png\",\"contentUrl\":\"https:\\\/\\\/stoll-freres.ch\\\/wp-content\\\/uploads\\\/2024\\\/10\\\/Stoll_Logo.png\",\"width\":800,\"height\":452,\"caption\":\"STOLL Fr\u00e8res SA\"},\"image\":{\"@id\":\"https:\\\/\\\/stoll-freres.ch\\\/#\\\/schema\\\/logo\\\/image\\\/\"}},{\"@type\":\"Person\",\"@id\":\"https:\\\/\\\/stoll-freres.ch\\\/#\\\/schema\\\/person\\\/f4c09d3b332fc58e708640ad2a9f9903\",\"name\":\"Deborah Coia\",\"url\":\"https:\\\/\\\/stoll-freres.ch\\\/pt\\\/author\\\/deborahabelocom-ch\\\/\"}]}<\/script>\n<!-- \/ Yoast SEO plugin. -->","yoast_head_json":{"title":"Tomates locais e saborosos da primavera - STOLL Fr\u00e8res SA","robots":{"index":"index","follow":"follow","max-snippet":"max-snippet:-1","max-image-preview":"max-image-preview:large","max-video-preview":"max-video-preview:-1"},"canonical":"https:\/\/stoll-freres.ch\/pt\/tomates-locais-e-saborosos-da-primavera\/","og_locale":"pt_PT","og_type":"article","og_title":"Des tomates locales et savoureuses d\u00e8s le printemps - STOLL Fr\u00e8res SA","og_description":"Les tomates issues de nos serres arrivent en rayon d\u00e8s la mi-mars et annoncent le retour des beaux jours. Derri\u00e8re cette pr\u00e9cocit\u00e9: de la passion, de la technique, du savoir-faire et la volont\u00e9 de proposer un produit local pour r\u00e9pondre \u00e0 une demande qui d\u00e9passe largement la seule p\u00e9riode estivale.","og_url":"https:\/\/stoll-freres.ch\/pt\/tomates-locais-e-saborosos-da-primavera\/","og_site_name":"STOLL Fr\u00e8res SA","article_published_time":"2025-04-22T12:52:24+00:00","article_modified_time":"2025-05-27T12:39:07+00:00","og_image":[{"width":1600,"height":1076,"url":"https:\/\/stoll-freres.ch\/wp-content\/uploads\/2025\/04\/Saison-des-tomates.jpg","type":"image\/jpeg"}],"author":"Deborah Coia","twitter_card":"summary_large_image","twitter_misc":{"Escrito por":"Deborah Coia","Tempo estimado de leitura":"2 minutos"},"schema":{"@context":"https:\/\/schema.org","@graph":[{"@type":"Article","@id":"https:\/\/stoll-freres.ch\/des-tomates-locales-et-savoureuses-des-le-printemps\/#article","isPartOf":{"@id":"https:\/\/stoll-freres.ch\/des-tomates-locales-et-savoureuses-des-le-printemps\/"},"author":{"name":"Deborah Coia","@id":"https:\/\/stoll-freres.ch\/#\/schema\/person\/f4c09d3b332fc58e708640ad2a9f9903"},"headline":"Des tomates locales et savoureuses d\u00e8s le printemps","datePublished":"2025-04-22T12:52:24+00:00","dateModified":"2025-05-27T12:39:07+00:00","mainEntityOfPage":{"@id":"https:\/\/stoll-freres.ch\/des-tomates-locales-et-savoureuses-des-le-printemps\/"},"wordCount":394,"publisher":{"@id":"https:\/\/stoll-freres.ch\/#organization"},"image":{"@id":"https:\/\/stoll-freres.ch\/des-tomates-locales-et-savoureuses-des-le-printemps\/#primaryimage"},"thumbnailUrl":"https:\/\/stoll-freres.ch\/wp-content\/uploads\/2025\/04\/Saison-des-tomates.jpg","articleSection":["Cultures &amp; M\u00e9thodes","Saveurs &amp; Qualit\u00e9"],"inLanguage":"pt-PT"},{"@type":"WebPage","@id":"https:\/\/stoll-freres.ch\/des-tomates-locales-et-savoureuses-des-le-printemps\/","url":"https:\/\/stoll-freres.ch\/des-tomates-locales-et-savoureuses-des-le-printemps\/","name":"Tomates locais e saborosos da primavera - STOLL Fr\u00e8res SA","isPartOf":{"@id":"https:\/\/stoll-freres.ch\/#website"},"primaryImageOfPage":{"@id":"https:\/\/stoll-freres.ch\/des-tomates-locales-et-savoureuses-des-le-printemps\/#primaryimage"},"image":{"@id":"https:\/\/stoll-freres.ch\/des-tomates-locales-et-savoureuses-des-le-printemps\/#primaryimage"},"thumbnailUrl":"https:\/\/stoll-freres.ch\/wp-content\/uploads\/2025\/04\/Saison-des-tomates.jpg","datePublished":"2025-04-22T12:52:24+00:00","dateModified":"2025-05-27T12:39:07+00:00","breadcrumb":{"@id":"https:\/\/stoll-freres.ch\/des-tomates-locales-et-savoureuses-des-le-printemps\/#breadcrumb"},"inLanguage":"pt-PT","potentialAction":[{"@type":"ReadAction","target":["https:\/\/stoll-freres.ch\/des-tomates-locales-et-savoureuses-des-le-printemps\/"]}]},{"@type":"ImageObject","inLanguage":"pt-PT","@id":"https:\/\/stoll-freres.ch\/des-tomates-locales-et-savoureuses-des-le-printemps\/#primaryimage","url":"https:\/\/stoll-freres.ch\/wp-content\/uploads\/2025\/04\/Saison-des-tomates.jpg","contentUrl":"https:\/\/stoll-freres.ch\/wp-content\/uploads\/2025\/04\/Saison-des-tomates.jpg","width":1600,"height":1076},{"@type":"BreadcrumbList","@id":"https:\/\/stoll-freres.ch\/des-tomates-locales-et-savoureuses-des-le-printemps\/#breadcrumb","itemListElement":[{"@type":"ListItem","position":1,"name":"Accueil","item":"https:\/\/stoll-freres.ch\/"},{"@type":"ListItem","position":2,"name":"Des tomates locales et savoureuses d\u00e8s le printemps"}]},{"@type":"WebSite","@id":"https:\/\/stoll-freres.ch\/#website","url":"https:\/\/stoll-freres.ch\/","name":"STOLL Fr\u00e8res SA","description":"Primeurs wholesale","publisher":{"@id":"https:\/\/stoll-freres.ch\/#organization"},"potentialAction":[{"@type":"SearchAction","target":{"@type":"EntryPoint","urlTemplate":"https:\/\/stoll-freres.ch\/?s={search_term_string}"},"query-input":{"@type":"PropertyValueSpecification","valueRequired":true,"valueName":"search_term_string"}}],"inLanguage":"pt-PT"},{"@type":"Organization","@id":"https:\/\/stoll-freres.ch\/#organization","name":"STOLL Fr\u00e8res SA","url":"https:\/\/stoll-freres.ch\/","logo":{"@type":"ImageObject","inLanguage":"pt-PT","@id":"https:\/\/stoll-freres.ch\/#\/schema\/logo\/image\/","url":"https:\/\/stoll-freres.ch\/wp-content\/uploads\/2024\/10\/Stoll_Logo.png","contentUrl":"https:\/\/stoll-freres.ch\/wp-content\/uploads\/2024\/10\/Stoll_Logo.png","width":800,"height":452,"caption":"STOLL Fr\u00e8res SA"},"image":{"@id":"https:\/\/stoll-freres.ch\/#\/schema\/logo\/image\/"}},{"@type":"Person","@id":"https:\/\/stoll-freres.ch\/#\/schema\/person\/f4c09d3b332fc58e708640ad2a9f9903","name":"D\u00e9bora Coia","url":"https:\/\/stoll-freres.ch\/pt\/author\/deborahabelocom-ch\/"}]}},"_links":{"self":[{"href":"https:\/\/stoll-freres.ch\/pt\/wp-json\/wp\/v2\/posts\/2142","targetHints":{"allow":["GET"]}}],"collection":[{"href":"https:\/\/stoll-freres.ch\/pt\/wp-json\/wp\/v2\/posts"}],"about":[{"href":"https:\/\/stoll-freres.ch\/pt\/wp-json\/wp\/v2\/types\/post"}],"author":[{"embeddable":true,"href":"https:\/\/stoll-freres.ch\/pt\/wp-json\/wp\/v2\/users\/3"}],"replies":[{"embeddable":true,"href":"https:\/\/stoll-freres.ch\/pt\/wp-json\/wp\/v2\/comments?post=2142"}],"version-history":[{"count":5,"href":"https:\/\/stoll-freres.ch\/pt\/wp-json\/wp\/v2\/posts\/2142\/revisions"}],"predecessor-version":[{"id":2148,"href":"https:\/\/stoll-freres.ch\/pt\/wp-json\/wp\/v2\/posts\/2142\/revisions\/2148"}],"wp:featuredmedia":[{"embeddable":true,"href":"https:\/\/stoll-freres.ch\/pt\/wp-json\/wp\/v2\/media\/2143"}],"wp:attachment":[{"href":"https:\/\/stoll-freres.ch\/pt\/wp-json\/wp\/v2\/media?parent=2142"}],"wp:term":[{"taxonomy":"category","embeddable":true,"href":"https:\/\/stoll-freres.ch\/pt\/wp-json\/wp\/v2\/categories?post=2142"},{"taxonomy":"post_tag","embeddable":true,"href":"https:\/\/stoll-freres.ch\/pt\/wp-json\/wp\/v2\/tags?post=2142"}],"curies":[{"name":"wp","href":"https:\/\/api.w.org\/{rel}","templated":true}]}}