{"id":2061,"date":"2025-04-01T15:50:14","date_gmt":"2025-04-01T13:50:14","guid":{"rendered":"https:\/\/stoll-freres.ch\/?p=2061"},"modified":"2025-05-07T15:30:01","modified_gmt":"2025-05-07T13:30:01","slug":"talalkozas-rafal-krupaval-a-padlizsanuveghaz-vezetojevel","status":"publish","type":"post","link":"https:\/\/stoll-freres.ch\/hu\/rencontre-avec-rafal-krupa-responsable-de-la-serre-daubergines\/","title":{"rendered":"Tal\u00e1lkoz\u00e1s Rafal Krup\u00e1val, a padlizs\u00e1n\u00fcvegh\u00e1z vezet\u0151j\u00e9vel"},"content":{"rendered":"<div data-elementor-type=\"wp-post\" data-elementor-id=\"2061\" class=\"elementor elementor-2061\" data-elementor-post-type=\"post\">\n\t\t\t\t\t\t<section class=\"elementor-section elementor-top-section elementor-element elementor-element-ef6ad4d elementor-section-boxed elementor-section-height-default elementor-section-height-default\" data-id=\"ef6ad4d\" data-element_type=\"section\" data-e-type=\"section\" id=\"actus\">\n\t\t\t\t\t\t<div class=\"elementor-container elementor-column-gap-default\">\n\t\t\t\t\t<div class=\"elementor-column elementor-col-100 elementor-top-column elementor-element elementor-element-7217661\" data-id=\"7217661\" data-element_type=\"column\" data-e-type=\"column\">\n\t\t\t<div class=\"elementor-widget-wrap elementor-element-populated\">\n\t\t\t\t\t\t<div class=\"elementor-element elementor-element-7c7670a elementor-widget elementor-widget-text-editor\" data-id=\"7c7670a\" data-element_type=\"widget\" data-e-type=\"widget\" data-widget_type=\"text-editor.default\">\n\t\t\t\t<div class=\"elementor-widget-container\">\n\t\t\t\t\t\t\t\t\t<p><span class=\"OYPEnA font-feature-liga-off font-feature-clig-off font-feature-calt-off text-decoration-none text-strikethrough-none\">\u00a9 kreat\u00edv szinergi\u00e1k, Laurent Bailly<\/span><\/p>\t\t\t\t\t\t\t\t<\/div>\n\t\t\t\t<\/div>\n\t\t\t\t<div class=\"elementor-element elementor-element-f1195b2 elementor-widget elementor-widget-text-editor\" data-id=\"f1195b2\" data-element_type=\"widget\" data-e-type=\"widget\" data-widget_type=\"text-editor.default\">\n\t\t\t\t<div class=\"elementor-widget-container\">\n\t\t\t\t\t\t\t\t\t<h3>Az univerzum v\u00e1ltoz\u00e1sa a k\u00f6zleked\u00e9st\u0151l a kert\u00e9szked\u00e9sig<\/h3>\n<p>Rafal Krupa Lengyelorsz\u00e1gban sz\u00fcletett, ahol teheraut\u00f3- \u00e9s buszsof\u0151rk\u00e9nt tanult \u00e9s dolgozott, orsz\u00e1g\u00e1t \u00e9s K\u00f6z\u00e9p-Eur\u00f3p\u00e1t beutazva. Kilenc \u00e9vvel ezel\u0151tt a n\u0151v\u00e9re, aki akkor n\u00e1lunk dolgozott, felk\u00e9rte, hogy csatlakozzon hozz\u00e1. Id\u00e9nymunk\u00e1sk\u00e9nt kezdett a padlizs\u00e1n\u00fcvegh\u00e1zban, \u00e9rdekl\u0151dni kezdett a munka ir\u00e1nt, gyorsan tanult, majd n\u00e9h\u00e1ny \u00e9v m\u00falva igazgat\u00f3i kinevez\u00e9st kapott.<\/p>\n<p>\u201eEleinte var\u00e1zslatosnak t\u0171nt sz\u00e1momra\u201d \u2013 eml\u00e9kszik vissza nevetve, amikor a padlizs\u00e1ntermeszt\u00e9s els\u0151 l\u00e9p\u00e9seir\u0151l besz\u00e9l. De gyorsan elsaj\u00e1t\u00edtja a technik\u00e1kat. Ma m\u00e1r \u0151 k\u00e9sz\u00edti el a t\u00e1pkever\u00e9keket a termeszt\u00e9svezet\u0151 utas\u00edt\u00e1sai szerint, \u00e9s gondosan figyelemmel k\u00eds\u00e9ri a n\u00f6v\u00e9nyek, gy\u00fcm\u00f6lcs\u00f6k \u00e1llapot\u00e1t. \u201eAmikor k\u00e9zbe veszed a padlizs\u00e1nt, azonnal tudod, hogy j\u00f3-e vagy sem\u201d \u2013 magyar\u00e1zza. Szak\u00e9rtelmet, amelyet \u00e1tad a csapat\u00e1nak, biztos\u00edtva, hogy t\u00e1voll\u00e9t\u00e9ben is el lehessen v\u00e9gezni munk\u00e1j\u00e1t.<\/p>\n<h3>A n\u00e9gy \u00e9vszak a padlizs\u00e1n \u00fcvegh\u00e1zban<\/h3>\n<p>Az \u00fcltet\u00e9s t\u00e9len t\u00f6rt\u00e9nik, \u00e9s a betakar\u00edt\u00e1s m\u00e1rciusban kezd\u0151dik. Ez a korai kezd\u00e9s robusztus n\u00f6v\u00e9nyeket \u00e9s b\u0151s\u00e9ges ny\u00e1ri betakar\u00edt\u00e1st tesz lehet\u0151v\u00e9, amely okt\u00f3berig tart. A Stolln\u00e1l \u00e9vente k\u00f6r\u00fclbel\u00fcl 400 tonna padlizs\u00e1nt termel\u00fcnk, hogy kiel\u00e9g\u00edts\u00fck a gy\u00fcm\u00f6lcs\u00f6s z\u00f6lds\u00e9g ir\u00e1nti n\u00f6vekv\u0151 keresletet. Fogyaszt\u00e1sa az elm\u00falt \u00e9vekben jelent\u0151sen megn\u0151tt Sv\u00e1jcban, a mediterr\u00e1n konyha t\u00e9rnyer\u00e9se \u00e9s ezen helyben termesztett term\u00e9kek el\u00e9rhet\u0151s\u00e9ge miatt.<\/p>\n<p>A ny\u00e1r v\u00e9g\u00e9re a n\u00f6v\u00e9nyek ak\u00e1r hat m\u00e9ter magasra is meg\u00e9rnek, szinte \u00e9rintik az \u00fcvegh\u00e1z tetej\u00e9t. Rafal \u00e9s csapata ez\u00e9rt idej\u00fck nagy r\u00e9sz\u00e9t magasban, gyakran er\u0151s h\u0151s\u00e9gben t\u00f6lti. A nap szisztematikusan a szed\u00e9ssel kezd\u0151dik, ezt k\u00f6veti a n\u00f6v\u00e9nyek gondoz\u00e1sa: k\u00e9pz\u00e9s a n\u00f6veked\u00e9s\u00fck ir\u00e1ny\u00edt\u00e1s\u00e1ra \u00e9s metsz\u00e9s, hogy csak a legterm\u00e9kenyebb \u00e1gak maradjanak meg.<\/p>\n<h3>Az ig\u00e9nyes munka \u00e9s a menek\u00fcl\u00e9s pillanatai k\u00f6z\u00f6tt<\/h3>\n<p>B\u00e1r a munk\u00e1ja szezon\u00e1lis, Rafal kulcsszerepet j\u00e1tszik a padlizs\u00e1n ciklusban. Csapat\u00e1t t\u00edz h\u00f3napig vezeti Sv\u00e1jcban, \u0151 fel\u00fcgyeli a termel\u00e9st \u00e9s az \u00fcvegh\u00e1zon bel\u00fcli munkaszervez\u00e9st. Novemberben \u00e9s decemberben visszat\u00e9r Lengyelorsz\u00e1gba, hogy csal\u00e1dj\u00e1val legyen, majd minden \u00e9vben visszat\u00e9r egy \u00faj szezonra.<\/p>\n<p>Az utaz\u00e1s \u00e9s a hossz\u00fa utak nagy szerelmese, szeret elmenni h\u00e9tv\u00e9g\u00e9re, az adott pillanat hangulat\u00e1t\u00f3l f\u00fcgg\u0151en sokszor v\u00e1ratlanul. Nagyra \u00e9rt\u00e9keli Sv\u00e1jc eur\u00f3pai k\u00f6zponti helyzet\u00e9t, amely lehet\u0151v\u00e9 teszi sz\u00e1m\u00e1ra, hogy kedvenc \u00fati c\u00e9ljai k\u00f6z\u00f6tt gyorsan el\u00e9rje Franciaorsz\u00e1got \u00e9s Olaszorsz\u00e1got. \u00c1ltal\u00e1ban egy-k\u00e9t koll\u00e9ga is utazik vele, \u00edgy ezek a menek\u00fcl\u00e9sek a vid\u00e1ms\u00e1g pillanataiv\u00e1 v\u00e1ltoztatj\u00e1k.<\/p>\n<p>Karrierj\u00e9vel Rafal t\u00f6k\u00e9letesen szeml\u00e9lteti, hogy a szigor, a halad\u00e1si v\u00e1gy \u00e9s a m\u00e1sok ir\u00e1nti elk\u00f6telezetts\u00e9g milyen utat nyithat meg a megn\u00f6vekedett felel\u0151ss\u00e9g fel\u00e9. Olyan tulajdons\u00e1gok, amelyek \u00f6sszecsengenek \u00e9rt\u00e9keinkkel, \u00e9s hozz\u00e1j\u00e1rulnak a k\u00f6z\u00f6s munka \u00f6r\u00f6m\u00e9hez.<\/p>\t\t\t\t\t\t\t\t<\/div>\n\t\t\t\t<\/div>\n\t\t\t\t\t<\/div>\n\t\t<\/div>\n\t\t\t\t\t<\/div>\n\t\t<\/section>\n\t\t\t\t<\/div>","protected":false},"excerpt":{"rendered":"<p>Az \u00e9vszakokon kereszt\u00fcl olyan n\u0151kkel \u00e9s f\u00e9rfiakkal v\u00e1rjuk \u00d6nt, akik nap mint nap energi\u00e1jukat \u00e9s szak\u00e9rtelm\u00fcket adj\u00e1k m\u0171k\u00f6d\u00e9s\u00fcnkbe. K\u00e9t betakar\u00edt\u00e1s k\u00f6z\u00f6tt ma tal\u00e1ljuk Rafal Krup\u00e1t a padlizs\u00e1n\u00fcvegh\u00e1zban, amely\u00e9rt \u0151 a felel\u0151s.<\/p>","protected":false},"author":3,"featured_media":2069,"comment_status":"closed","ping_status":"closed","sticky":false,"template":"","format":"standard","meta":{"footnotes":""},"categories":[13,16],"tags":[],"class_list":["post-2061","post","type-post","status-publish","format-standard","has-post-thumbnail","hentry","category-cultures-methodes","category-portraits"],"yoast_head":"<!-- This site is optimized with the Yoast SEO plugin v27.5 - https:\/\/yoast.com\/product\/yoast-seo-wordpress\/ -->\n<title>Rencontre avec Rafal Krupa, responsable de la serre d\u2019aubergines - STOLL Fr\u00e8res SA<\/title>\n<meta name=\"robots\" content=\"index, follow, max-snippet:-1, max-image-preview:large, max-video-preview:-1\" \/>\n<link rel=\"canonical\" href=\"https:\/\/stoll-freres.ch\/hu\/talalkozas-rafal-krupaval-a-padlizsanuveghaz-vezetojevel\/\" \/>\n<meta property=\"og:locale\" content=\"hu_HU\" \/>\n<meta property=\"og:type\" content=\"article\" \/>\n<meta property=\"og:title\" content=\"Rencontre avec Rafal Krupa, responsable de la serre d\u2019aubergines - STOLL Fr\u00e8res SA\" \/>\n<meta property=\"og:description\" content=\"Au fil des saisons, nous vous invitons \u00e0 faire la connaissance des femmes et des hommes qui mettent chaque jour leur \u00e9nergie et leur savoir-faire au service de notre exploitation. Entre deux r\u00e9coltes, nous retrouvons aujourd\u2019hui Rafal Krupa dans la serre d\u2019aubergines dont il est responsable.\" \/>\n<meta property=\"og:url\" content=\"https:\/\/stoll-freres.ch\/hu\/talalkozas-rafal-krupaval-a-padlizsanuveghaz-vezetojevel\/\" \/>\n<meta property=\"og:site_name\" content=\"STOLL Fr\u00e8res SA\" \/>\n<meta property=\"article:published_time\" content=\"2025-04-01T13:50:14+00:00\" \/>\n<meta property=\"article:modified_time\" content=\"2025-05-07T13:30:01+00:00\" \/>\n<meta property=\"og:image\" content=\"https:\/\/stoll-freres.ch\/wp-content\/uploads\/2025\/04\/Rafal.jpg\" \/>\n\t<meta property=\"og:image:width\" content=\"1600\" \/>\n\t<meta property=\"og:image:height\" content=\"1076\" \/>\n\t<meta property=\"og:image:type\" content=\"image\/jpeg\" \/>\n<meta name=\"author\" content=\"Deborah Coia\" \/>\n<meta name=\"twitter:card\" content=\"summary_large_image\" \/>\n<meta name=\"twitter:label1\" content=\"Szerz\u0151:\" \/>\n\t<meta name=\"twitter:data1\" content=\"Deborah Coia\" \/>\n\t<meta name=\"twitter:label2\" content=\"Becs\u00fclt olvas\u00e1si id\u0151\" \/>\n\t<meta name=\"twitter:data2\" content=\"3 perc\" \/>\n<script type=\"application\/ld+json\" class=\"yoast-schema-graph\">{\"@context\":\"https:\\\/\\\/schema.org\",\"@graph\":[{\"@type\":\"Article\",\"@id\":\"https:\\\/\\\/stoll-freres.ch\\\/rencontre-avec-rafal-krupa-responsable-de-la-serre-daubergines\\\/#article\",\"isPartOf\":{\"@id\":\"https:\\\/\\\/stoll-freres.ch\\\/rencontre-avec-rafal-krupa-responsable-de-la-serre-daubergines\\\/\"},\"author\":{\"name\":\"Deborah Coia\",\"@id\":\"https:\\\/\\\/stoll-freres.ch\\\/#\\\/schema\\\/person\\\/f4c09d3b332fc58e708640ad2a9f9903\"},\"headline\":\"Rencontre avec Rafal Krupa, responsable de la serre d\u2019aubergines\",\"datePublished\":\"2025-04-01T13:50:14+00:00\",\"dateModified\":\"2025-05-07T13:30:01+00:00\",\"mainEntityOfPage\":{\"@id\":\"https:\\\/\\\/stoll-freres.ch\\\/rencontre-avec-rafal-krupa-responsable-de-la-serre-daubergines\\\/\"},\"wordCount\":562,\"publisher\":{\"@id\":\"https:\\\/\\\/stoll-freres.ch\\\/#organization\"},\"image\":{\"@id\":\"https:\\\/\\\/stoll-freres.ch\\\/rencontre-avec-rafal-krupa-responsable-de-la-serre-daubergines\\\/#primaryimage\"},\"thumbnailUrl\":\"https:\\\/\\\/stoll-freres.ch\\\/wp-content\\\/uploads\\\/2025\\\/04\\\/Rafal.jpg\",\"articleSection\":[\"Cultures &amp; M\u00e9thodes\",\"Portraits\"],\"inLanguage\":\"hu\"},{\"@type\":\"WebPage\",\"@id\":\"https:\\\/\\\/stoll-freres.ch\\\/rencontre-avec-rafal-krupa-responsable-de-la-serre-daubergines\\\/\",\"url\":\"https:\\\/\\\/stoll-freres.ch\\\/rencontre-avec-rafal-krupa-responsable-de-la-serre-daubergines\\\/\",\"name\":\"Rencontre avec Rafal Krupa, responsable de la serre d\u2019aubergines - STOLL Fr\u00e8res SA\",\"isPartOf\":{\"@id\":\"https:\\\/\\\/stoll-freres.ch\\\/#website\"},\"primaryImageOfPage\":{\"@id\":\"https:\\\/\\\/stoll-freres.ch\\\/rencontre-avec-rafal-krupa-responsable-de-la-serre-daubergines\\\/#primaryimage\"},\"image\":{\"@id\":\"https:\\\/\\\/stoll-freres.ch\\\/rencontre-avec-rafal-krupa-responsable-de-la-serre-daubergines\\\/#primaryimage\"},\"thumbnailUrl\":\"https:\\\/\\\/stoll-freres.ch\\\/wp-content\\\/uploads\\\/2025\\\/04\\\/Rafal.jpg\",\"datePublished\":\"2025-04-01T13:50:14+00:00\",\"dateModified\":\"2025-05-07T13:30:01+00:00\",\"breadcrumb\":{\"@id\":\"https:\\\/\\\/stoll-freres.ch\\\/rencontre-avec-rafal-krupa-responsable-de-la-serre-daubergines\\\/#breadcrumb\"},\"inLanguage\":\"hu\",\"potentialAction\":[{\"@type\":\"ReadAction\",\"target\":[\"https:\\\/\\\/stoll-freres.ch\\\/rencontre-avec-rafal-krupa-responsable-de-la-serre-daubergines\\\/\"]}]},{\"@type\":\"ImageObject\",\"inLanguage\":\"hu\",\"@id\":\"https:\\\/\\\/stoll-freres.ch\\\/rencontre-avec-rafal-krupa-responsable-de-la-serre-daubergines\\\/#primaryimage\",\"url\":\"https:\\\/\\\/stoll-freres.ch\\\/wp-content\\\/uploads\\\/2025\\\/04\\\/Rafal.jpg\",\"contentUrl\":\"https:\\\/\\\/stoll-freres.ch\\\/wp-content\\\/uploads\\\/2025\\\/04\\\/Rafal.jpg\",\"width\":1600,\"height\":1076,\"caption\":\"Portrait de Rafal\"},{\"@type\":\"BreadcrumbList\",\"@id\":\"https:\\\/\\\/stoll-freres.ch\\\/rencontre-avec-rafal-krupa-responsable-de-la-serre-daubergines\\\/#breadcrumb\",\"itemListElement\":[{\"@type\":\"ListItem\",\"position\":1,\"name\":\"Accueil\",\"item\":\"https:\\\/\\\/stoll-freres.ch\\\/\"},{\"@type\":\"ListItem\",\"position\":2,\"name\":\"Rencontre avec Rafal Krupa, responsable de la serre d\u2019aubergines\"}]},{\"@type\":\"WebSite\",\"@id\":\"https:\\\/\\\/stoll-freres.ch\\\/#website\",\"url\":\"https:\\\/\\\/stoll-freres.ch\\\/\",\"name\":\"STOLL Fr\u00e8res SA\",\"description\":\"Primeurs en gros\",\"publisher\":{\"@id\":\"https:\\\/\\\/stoll-freres.ch\\\/#organization\"},\"potentialAction\":[{\"@type\":\"SearchAction\",\"target\":{\"@type\":\"EntryPoint\",\"urlTemplate\":\"https:\\\/\\\/stoll-freres.ch\\\/?s={search_term_string}\"},\"query-input\":{\"@type\":\"PropertyValueSpecification\",\"valueRequired\":true,\"valueName\":\"search_term_string\"}}],\"inLanguage\":\"hu\"},{\"@type\":\"Organization\",\"@id\":\"https:\\\/\\\/stoll-freres.ch\\\/#organization\",\"name\":\"STOLL Fr\u00e8res SA\",\"url\":\"https:\\\/\\\/stoll-freres.ch\\\/\",\"logo\":{\"@type\":\"ImageObject\",\"inLanguage\":\"hu\",\"@id\":\"https:\\\/\\\/stoll-freres.ch\\\/#\\\/schema\\\/logo\\\/image\\\/\",\"url\":\"https:\\\/\\\/stoll-freres.ch\\\/wp-content\\\/uploads\\\/2024\\\/10\\\/Stoll_Logo.png\",\"contentUrl\":\"https:\\\/\\\/stoll-freres.ch\\\/wp-content\\\/uploads\\\/2024\\\/10\\\/Stoll_Logo.png\",\"width\":800,\"height\":452,\"caption\":\"STOLL Fr\u00e8res SA\"},\"image\":{\"@id\":\"https:\\\/\\\/stoll-freres.ch\\\/#\\\/schema\\\/logo\\\/image\\\/\"}},{\"@type\":\"Person\",\"@id\":\"https:\\\/\\\/stoll-freres.ch\\\/#\\\/schema\\\/person\\\/f4c09d3b332fc58e708640ad2a9f9903\",\"name\":\"Deborah Coia\",\"url\":\"https:\\\/\\\/stoll-freres.ch\\\/hu\\\/author\\\/deborahabelocom-ch\\\/\"}]}<\/script>\n<!-- \/ Yoast SEO plugin. -->","yoast_head_json":{"title":"Tal\u00e1lkoz\u00f3 Rafal Krup\u00e1val, a STOLL Fr\u00e8res SA padlizs\u00e1n\u00fcvegh\u00e1z vezet\u0151j\u00e9vel","robots":{"index":"index","follow":"follow","max-snippet":"max-snippet:-1","max-image-preview":"max-image-preview:large","max-video-preview":"max-video-preview:-1"},"canonical":"https:\/\/stoll-freres.ch\/hu\/talalkozas-rafal-krupaval-a-padlizsanuveghaz-vezetojevel\/","og_locale":"hu_HU","og_type":"article","og_title":"Rencontre avec Rafal Krupa, responsable de la serre d\u2019aubergines - STOLL Fr\u00e8res SA","og_description":"Au fil des saisons, nous vous invitons \u00e0 faire la connaissance des femmes et des hommes qui mettent chaque jour leur \u00e9nergie et leur savoir-faire au service de notre exploitation. Entre deux r\u00e9coltes, nous retrouvons aujourd\u2019hui Rafal Krupa dans la serre d\u2019aubergines dont il est responsable.","og_url":"https:\/\/stoll-freres.ch\/hu\/talalkozas-rafal-krupaval-a-padlizsanuveghaz-vezetojevel\/","og_site_name":"STOLL Fr\u00e8res SA","article_published_time":"2025-04-01T13:50:14+00:00","article_modified_time":"2025-05-07T13:30:01+00:00","og_image":[{"width":1600,"height":1076,"url":"https:\/\/stoll-freres.ch\/wp-content\/uploads\/2025\/04\/Rafal.jpg","type":"image\/jpeg"}],"author":"Deborah Coia","twitter_card":"summary_large_image","twitter_misc":{"Szerz\u0151:":"Deborah Coia","Becs\u00fclt olvas\u00e1si id\u0151":"3 perc"},"schema":{"@context":"https:\/\/schema.org","@graph":[{"@type":"Article","@id":"https:\/\/stoll-freres.ch\/rencontre-avec-rafal-krupa-responsable-de-la-serre-daubergines\/#article","isPartOf":{"@id":"https:\/\/stoll-freres.ch\/rencontre-avec-rafal-krupa-responsable-de-la-serre-daubergines\/"},"author":{"name":"Deborah Coia","@id":"https:\/\/stoll-freres.ch\/#\/schema\/person\/f4c09d3b332fc58e708640ad2a9f9903"},"headline":"Rencontre avec Rafal Krupa, responsable de la serre d\u2019aubergines","datePublished":"2025-04-01T13:50:14+00:00","dateModified":"2025-05-07T13:30:01+00:00","mainEntityOfPage":{"@id":"https:\/\/stoll-freres.ch\/rencontre-avec-rafal-krupa-responsable-de-la-serre-daubergines\/"},"wordCount":562,"publisher":{"@id":"https:\/\/stoll-freres.ch\/#organization"},"image":{"@id":"https:\/\/stoll-freres.ch\/rencontre-avec-rafal-krupa-responsable-de-la-serre-daubergines\/#primaryimage"},"thumbnailUrl":"https:\/\/stoll-freres.ch\/wp-content\/uploads\/2025\/04\/Rafal.jpg","articleSection":["Cultures &amp; M\u00e9thodes","Portraits"],"inLanguage":"hu"},{"@type":"WebPage","@id":"https:\/\/stoll-freres.ch\/rencontre-avec-rafal-krupa-responsable-de-la-serre-daubergines\/","url":"https:\/\/stoll-freres.ch\/rencontre-avec-rafal-krupa-responsable-de-la-serre-daubergines\/","name":"Tal\u00e1lkoz\u00f3 Rafal Krup\u00e1val, a STOLL Fr\u00e8res SA padlizs\u00e1n\u00fcvegh\u00e1z vezet\u0151j\u00e9vel","isPartOf":{"@id":"https:\/\/stoll-freres.ch\/#website"},"primaryImageOfPage":{"@id":"https:\/\/stoll-freres.ch\/rencontre-avec-rafal-krupa-responsable-de-la-serre-daubergines\/#primaryimage"},"image":{"@id":"https:\/\/stoll-freres.ch\/rencontre-avec-rafal-krupa-responsable-de-la-serre-daubergines\/#primaryimage"},"thumbnailUrl":"https:\/\/stoll-freres.ch\/wp-content\/uploads\/2025\/04\/Rafal.jpg","datePublished":"2025-04-01T13:50:14+00:00","dateModified":"2025-05-07T13:30:01+00:00","breadcrumb":{"@id":"https:\/\/stoll-freres.ch\/rencontre-avec-rafal-krupa-responsable-de-la-serre-daubergines\/#breadcrumb"},"inLanguage":"hu","potentialAction":[{"@type":"ReadAction","target":["https:\/\/stoll-freres.ch\/rencontre-avec-rafal-krupa-responsable-de-la-serre-daubergines\/"]}]},{"@type":"ImageObject","inLanguage":"hu","@id":"https:\/\/stoll-freres.ch\/rencontre-avec-rafal-krupa-responsable-de-la-serre-daubergines\/#primaryimage","url":"https:\/\/stoll-freres.ch\/wp-content\/uploads\/2025\/04\/Rafal.jpg","contentUrl":"https:\/\/stoll-freres.ch\/wp-content\/uploads\/2025\/04\/Rafal.jpg","width":1600,"height":1076,"caption":"Portrait de Rafal"},{"@type":"BreadcrumbList","@id":"https:\/\/stoll-freres.ch\/rencontre-avec-rafal-krupa-responsable-de-la-serre-daubergines\/#breadcrumb","itemListElement":[{"@type":"ListItem","position":1,"name":"Accueil","item":"https:\/\/stoll-freres.ch\/"},{"@type":"ListItem","position":2,"name":"Rencontre avec Rafal Krupa, responsable de la serre d\u2019aubergines"}]},{"@type":"WebSite","@id":"https:\/\/stoll-freres.ch\/#website","url":"https:\/\/stoll-freres.ch\/","name":"STOLL Fr\u00e8res SA","description":"Primeurs nagykereskedelem","publisher":{"@id":"https:\/\/stoll-freres.ch\/#organization"},"potentialAction":[{"@type":"SearchAction","target":{"@type":"EntryPoint","urlTemplate":"https:\/\/stoll-freres.ch\/?s={search_term_string}"},"query-input":{"@type":"PropertyValueSpecification","valueRequired":true,"valueName":"search_term_string"}}],"inLanguage":"hu"},{"@type":"Organization","@id":"https:\/\/stoll-freres.ch\/#organization","name":"STOLL Fr\u00e8res SA","url":"https:\/\/stoll-freres.ch\/","logo":{"@type":"ImageObject","inLanguage":"hu","@id":"https:\/\/stoll-freres.ch\/#\/schema\/logo\/image\/","url":"https:\/\/stoll-freres.ch\/wp-content\/uploads\/2024\/10\/Stoll_Logo.png","contentUrl":"https:\/\/stoll-freres.ch\/wp-content\/uploads\/2024\/10\/Stoll_Logo.png","width":800,"height":452,"caption":"STOLL Fr\u00e8res SA"},"image":{"@id":"https:\/\/stoll-freres.ch\/#\/schema\/logo\/image\/"}},{"@type":"Person","@id":"https:\/\/stoll-freres.ch\/#\/schema\/person\/f4c09d3b332fc58e708640ad2a9f9903","name":"Deborah Coia","url":"https:\/\/stoll-freres.ch\/hu\/author\/deborahabelocom-ch\/"}]}},"_links":{"self":[{"href":"https:\/\/stoll-freres.ch\/hu\/wp-json\/wp\/v2\/posts\/2061","targetHints":{"allow":["GET"]}}],"collection":[{"href":"https:\/\/stoll-freres.ch\/hu\/wp-json\/wp\/v2\/posts"}],"about":[{"href":"https:\/\/stoll-freres.ch\/hu\/wp-json\/wp\/v2\/types\/post"}],"author":[{"embeddable":true,"href":"https:\/\/stoll-freres.ch\/hu\/wp-json\/wp\/v2\/users\/3"}],"replies":[{"embeddable":true,"href":"https:\/\/stoll-freres.ch\/hu\/wp-json\/wp\/v2\/comments?post=2061"}],"version-history":[{"count":13,"href":"https:\/\/stoll-freres.ch\/hu\/wp-json\/wp\/v2\/posts\/2061\/revisions"}],"predecessor-version":[{"id":2223,"href":"https:\/\/stoll-freres.ch\/hu\/wp-json\/wp\/v2\/posts\/2061\/revisions\/2223"}],"wp:featuredmedia":[{"embeddable":true,"href":"https:\/\/stoll-freres.ch\/hu\/wp-json\/wp\/v2\/media\/2069"}],"wp:attachment":[{"href":"https:\/\/stoll-freres.ch\/hu\/wp-json\/wp\/v2\/media?parent=2061"}],"wp:term":[{"taxonomy":"category","embeddable":true,"href":"https:\/\/stoll-freres.ch\/hu\/wp-json\/wp\/v2\/categories?post=2061"},{"taxonomy":"post_tag","embeddable":true,"href":"https:\/\/stoll-freres.ch\/hu\/wp-json\/wp\/v2\/tags?post=2061"}],"curies":[{"name":"munkaf\u00fczet","href":"https:\/\/api.w.org\/{rel}","templated":true}]}}