{"id":2061,"date":"2025-04-01T15:50:14","date_gmt":"2025-04-01T13:50:14","guid":{"rendered":"https:\/\/stoll-freres.ch\/?p=2061"},"modified":"2025-05-07T15:30:01","modified_gmt":"2025-05-07T13:30:01","slug":"reunion-con-rafal-krupa-gerente-del-invernadero-de-berenjenas","status":"publish","type":"post","link":"https:\/\/stoll-freres.ch\/es\/rencontre-avec-rafal-krupa-responsable-de-la-serre-daubergines\/","title":{"rendered":"Reuni\u00f3n con Rafal Krupa, responsable del invernadero de berenjenas"},"content":{"rendered":"<div data-elementor-type=\"wp-post\" data-elementor-id=\"2061\" class=\"elementor elementor-2061\" data-elementor-post-type=\"post\">\n\t\t\t\t\t\t<section class=\"elementor-section elementor-top-section elementor-element elementor-element-ef6ad4d elementor-section-boxed elementor-section-height-default elementor-section-height-default\" data-id=\"ef6ad4d\" data-element_type=\"section\" data-e-type=\"section\" id=\"actus\">\n\t\t\t\t\t\t<div class=\"elementor-container elementor-column-gap-default\">\n\t\t\t\t\t<div class=\"elementor-column elementor-col-100 elementor-top-column elementor-element elementor-element-7217661\" data-id=\"7217661\" data-element_type=\"column\" data-e-type=\"column\">\n\t\t\t<div class=\"elementor-widget-wrap elementor-element-populated\">\n\t\t\t\t\t\t<div class=\"elementor-element elementor-element-7c7670a elementor-widget elementor-widget-text-editor\" data-id=\"7c7670a\" data-element_type=\"widget\" data-e-type=\"widget\" data-widget_type=\"text-editor.default\">\n\t\t\t\t<div class=\"elementor-widget-container\">\n\t\t\t\t\t\t\t\t\t<p><span class=\"OYPEnA font-feature-liga-off font-feature-clig-off font-feature-calt-off text-decoration-none text-strikethrough-none\">\u00a9 sinergias creativas, Laurent Bailly<\/span><\/p>\t\t\t\t\t\t\t\t<\/div>\n\t\t\t\t<\/div>\n\t\t\t\t<div class=\"elementor-element elementor-element-f1195b2 elementor-widget elementor-widget-text-editor\" data-id=\"f1195b2\" data-element_type=\"widget\" data-e-type=\"widget\" data-widget_type=\"text-editor.default\">\n\t\t\t\t<div class=\"elementor-widget-container\">\n\t\t\t\t\t\t\t\t\t<h3>Cambio de universo, del transporte a la horticultura<\/h3>\n<p>Rafal Krupa naci\u00f3 en Polonia, donde se form\u00f3 y trabaj\u00f3 como conductor de camiones y autobuses, viajando por todo su pa\u00eds y Europa Central. Hace nueve a\u00f1os, su hermana, que en ese momento trabajaba para nosotros, le pidi\u00f3 que se uniera a ella. Empez\u00f3 como trabajador temporero en el invernadero de berenjenas, se interes\u00f3 por el trabajo, aprendi\u00f3 r\u00e1pidamente y, unos a\u00f1os m\u00e1s tarde, fue nombrado gerente.<\/p>\n<p>\u201cAl principio todo me parec\u00eda m\u00e1gico\u201d, recuerda entre risas, cuando habla de sus primeros pasos en el cultivo de berenjenas. Pero asimila r\u00e1pidamente las t\u00e9cnicas. Hoy en d\u00eda, es \u00e9l quien prepara las mezclas de nutrientes seg\u00fan las instrucciones del encargado del cultivo y quien supervisa cuidadosamente el estado de las plantas y los frutos. &quot;Cuando tomas la berenjena en la mano, sabes inmediatamente si est\u00e1 buena o no&quot;, explica. Una experiencia que transmite a su equipo, garantizando que su trabajo pueda llevarse a cabo en su ausencia.<\/p>\n<h3>Las cuatro estaciones en el invernadero de berenjenas<\/h3>\n<p>La siembra se realiza en invierno y la cosecha comienza en marzo. Este inicio temprano permite obtener plantas robustas y cosechas abundantes en verano, que contin\u00faan hasta octubre. En Stoll producimos alrededor de 400 toneladas de berenjenas al a\u00f1o para satisfacer la creciente demanda de esta verdura frutal. Su consumo ha aumentado significativamente en Suiza en los \u00faltimos a\u00f1os, impulsado por el auge de la cocina mediterr\u00e1nea y la disponibilidad de estos productos cultivados localmente.<\/p>\n<p>A finales del verano, las plantas alcanzan hasta seis metros de altura, casi tocando el techo del invernadero. Por ello, Rafal y su equipo pasan gran parte de su tiempo en altura, a menudo bajo un calor intenso. La jornada comienza sistem\u00e1ticamente con la recolecci\u00f3n, seguida del cuidado de las plantas: entrenamiento para guiar su crecimiento y poda para mantener s\u00f3lo las ramas m\u00e1s productivas.<\/p>\n<h3>Entre trabajo exigente y momentos de escape<\/h3>\n<p>Aunque su trabajo es estacional, Rafal juega un papel clave durante todo el ciclo de la berenjena. Al frente de su equipo desde hace diez meses en Suiza, supervisa la producci\u00f3n y la organizaci\u00f3n del trabajo dentro del invernadero. En noviembre y diciembre regresa a Polonia para estar con su familia, antes de regresar cada a\u00f1o para una nueva temporada.<\/p>\n<p>Gran amante de los viajes y de los largos caminos, le gusta irse el fin de semana, a menudo de forma inesperada, dependiendo del estado de \u00e1nimo del momento. Aprecia la posici\u00f3n central de Suiza en Europa, que le permite llegar r\u00e1pidamente a Francia e Italia, entre sus destinos favoritos. Normalmente le acompa\u00f1an uno o dos compa\u00f1eros, convirtiendo estas escapadas en momentos de convivencia.<\/p>\n<p>Con su trayectoria, Rafal ilustra perfectamente c\u00f3mo el rigor, las ganas de progresar y el compromiso con los dem\u00e1s pueden abrir el camino a mayores responsabilidades. Cualidades que resuenan con nuestros valores y que contribuyen al placer de trabajar juntos.<\/p>\t\t\t\t\t\t\t\t<\/div>\n\t\t\t\t<\/div>\n\t\t\t\t\t<\/div>\n\t\t<\/div>\n\t\t\t\t\t<\/div>\n\t\t<\/section>\n\t\t\t\t<\/div>","protected":false},"excerpt":{"rendered":"<p>A lo largo de las estaciones, te invitamos a conocer a las mujeres y hombres que ponen su energ\u00eda y experiencia en nuestra operaci\u00f3n todos los d\u00edas. Entre dos cosechas, encontramos hoy a Rafal Krupa en el invernadero de berenjenas del que es responsable.<\/p>","protected":false},"author":3,"featured_media":2069,"comment_status":"closed","ping_status":"closed","sticky":false,"template":"","format":"standard","meta":{"footnotes":""},"categories":[13,16],"tags":[],"class_list":["post-2061","post","type-post","status-publish","format-standard","has-post-thumbnail","hentry","category-cultures-methodes","category-portraits"],"yoast_head":"<!-- This site is optimized with the Yoast SEO plugin v27.5 - https:\/\/yoast.com\/product\/yoast-seo-wordpress\/ -->\n<title>Rencontre avec Rafal Krupa, responsable de la serre d\u2019aubergines - STOLL Fr\u00e8res SA<\/title>\n<meta name=\"robots\" content=\"index, follow, max-snippet:-1, max-image-preview:large, max-video-preview:-1\" \/>\n<link rel=\"canonical\" href=\"https:\/\/stoll-freres.ch\/es\/reunion-con-rafal-krupa-gerente-del-invernadero-de-berenjenas\/\" \/>\n<meta property=\"og:locale\" content=\"es_ES\" \/>\n<meta property=\"og:type\" content=\"article\" \/>\n<meta property=\"og:title\" content=\"Rencontre avec Rafal Krupa, responsable de la serre d\u2019aubergines - STOLL Fr\u00e8res SA\" \/>\n<meta property=\"og:description\" content=\"Au fil des saisons, nous vous invitons \u00e0 faire la connaissance des femmes et des hommes qui mettent chaque jour leur \u00e9nergie et leur savoir-faire au service de notre exploitation. Entre deux r\u00e9coltes, nous retrouvons aujourd\u2019hui Rafal Krupa dans la serre d\u2019aubergines dont il est responsable.\" \/>\n<meta property=\"og:url\" content=\"https:\/\/stoll-freres.ch\/es\/reunion-con-rafal-krupa-gerente-del-invernadero-de-berenjenas\/\" \/>\n<meta property=\"og:site_name\" content=\"STOLL Fr\u00e8res SA\" \/>\n<meta property=\"article:published_time\" content=\"2025-04-01T13:50:14+00:00\" \/>\n<meta property=\"article:modified_time\" content=\"2025-05-07T13:30:01+00:00\" \/>\n<meta property=\"og:image\" content=\"https:\/\/stoll-freres.ch\/wp-content\/uploads\/2025\/04\/Rafal.jpg\" \/>\n\t<meta property=\"og:image:width\" content=\"1600\" \/>\n\t<meta property=\"og:image:height\" content=\"1076\" \/>\n\t<meta property=\"og:image:type\" content=\"image\/jpeg\" \/>\n<meta name=\"author\" content=\"Deborah Coia\" \/>\n<meta name=\"twitter:card\" content=\"summary_large_image\" \/>\n<meta name=\"twitter:label1\" content=\"Escrito por\" \/>\n\t<meta name=\"twitter:data1\" content=\"Deborah Coia\" \/>\n\t<meta name=\"twitter:label2\" content=\"Tiempo de lectura\" \/>\n\t<meta name=\"twitter:data2\" content=\"3 minutos\" \/>\n<script type=\"application\/ld+json\" class=\"yoast-schema-graph\">{\"@context\":\"https:\\\/\\\/schema.org\",\"@graph\":[{\"@type\":\"Article\",\"@id\":\"https:\\\/\\\/stoll-freres.ch\\\/rencontre-avec-rafal-krupa-responsable-de-la-serre-daubergines\\\/#article\",\"isPartOf\":{\"@id\":\"https:\\\/\\\/stoll-freres.ch\\\/rencontre-avec-rafal-krupa-responsable-de-la-serre-daubergines\\\/\"},\"author\":{\"name\":\"Deborah Coia\",\"@id\":\"https:\\\/\\\/stoll-freres.ch\\\/#\\\/schema\\\/person\\\/f4c09d3b332fc58e708640ad2a9f9903\"},\"headline\":\"Rencontre avec Rafal Krupa, responsable de la serre d\u2019aubergines\",\"datePublished\":\"2025-04-01T13:50:14+00:00\",\"dateModified\":\"2025-05-07T13:30:01+00:00\",\"mainEntityOfPage\":{\"@id\":\"https:\\\/\\\/stoll-freres.ch\\\/rencontre-avec-rafal-krupa-responsable-de-la-serre-daubergines\\\/\"},\"wordCount\":562,\"publisher\":{\"@id\":\"https:\\\/\\\/stoll-freres.ch\\\/#organization\"},\"image\":{\"@id\":\"https:\\\/\\\/stoll-freres.ch\\\/rencontre-avec-rafal-krupa-responsable-de-la-serre-daubergines\\\/#primaryimage\"},\"thumbnailUrl\":\"https:\\\/\\\/stoll-freres.ch\\\/wp-content\\\/uploads\\\/2025\\\/04\\\/Rafal.jpg\",\"articleSection\":[\"Cultures &amp; M\u00e9thodes\",\"Portraits\"],\"inLanguage\":\"es\"},{\"@type\":\"WebPage\",\"@id\":\"https:\\\/\\\/stoll-freres.ch\\\/rencontre-avec-rafal-krupa-responsable-de-la-serre-daubergines\\\/\",\"url\":\"https:\\\/\\\/stoll-freres.ch\\\/rencontre-avec-rafal-krupa-responsable-de-la-serre-daubergines\\\/\",\"name\":\"Rencontre avec Rafal Krupa, responsable de la serre d\u2019aubergines - STOLL Fr\u00e8res SA\",\"isPartOf\":{\"@id\":\"https:\\\/\\\/stoll-freres.ch\\\/#website\"},\"primaryImageOfPage\":{\"@id\":\"https:\\\/\\\/stoll-freres.ch\\\/rencontre-avec-rafal-krupa-responsable-de-la-serre-daubergines\\\/#primaryimage\"},\"image\":{\"@id\":\"https:\\\/\\\/stoll-freres.ch\\\/rencontre-avec-rafal-krupa-responsable-de-la-serre-daubergines\\\/#primaryimage\"},\"thumbnailUrl\":\"https:\\\/\\\/stoll-freres.ch\\\/wp-content\\\/uploads\\\/2025\\\/04\\\/Rafal.jpg\",\"datePublished\":\"2025-04-01T13:50:14+00:00\",\"dateModified\":\"2025-05-07T13:30:01+00:00\",\"breadcrumb\":{\"@id\":\"https:\\\/\\\/stoll-freres.ch\\\/rencontre-avec-rafal-krupa-responsable-de-la-serre-daubergines\\\/#breadcrumb\"},\"inLanguage\":\"es\",\"potentialAction\":[{\"@type\":\"ReadAction\",\"target\":[\"https:\\\/\\\/stoll-freres.ch\\\/rencontre-avec-rafal-krupa-responsable-de-la-serre-daubergines\\\/\"]}]},{\"@type\":\"ImageObject\",\"inLanguage\":\"es\",\"@id\":\"https:\\\/\\\/stoll-freres.ch\\\/rencontre-avec-rafal-krupa-responsable-de-la-serre-daubergines\\\/#primaryimage\",\"url\":\"https:\\\/\\\/stoll-freres.ch\\\/wp-content\\\/uploads\\\/2025\\\/04\\\/Rafal.jpg\",\"contentUrl\":\"https:\\\/\\\/stoll-freres.ch\\\/wp-content\\\/uploads\\\/2025\\\/04\\\/Rafal.jpg\",\"width\":1600,\"height\":1076,\"caption\":\"Portrait de Rafal\"},{\"@type\":\"BreadcrumbList\",\"@id\":\"https:\\\/\\\/stoll-freres.ch\\\/rencontre-avec-rafal-krupa-responsable-de-la-serre-daubergines\\\/#breadcrumb\",\"itemListElement\":[{\"@type\":\"ListItem\",\"position\":1,\"name\":\"Accueil\",\"item\":\"https:\\\/\\\/stoll-freres.ch\\\/\"},{\"@type\":\"ListItem\",\"position\":2,\"name\":\"Rencontre avec Rafal Krupa, responsable de la serre d\u2019aubergines\"}]},{\"@type\":\"WebSite\",\"@id\":\"https:\\\/\\\/stoll-freres.ch\\\/#website\",\"url\":\"https:\\\/\\\/stoll-freres.ch\\\/\",\"name\":\"STOLL Fr\u00e8res SA\",\"description\":\"Primeurs en gros\",\"publisher\":{\"@id\":\"https:\\\/\\\/stoll-freres.ch\\\/#organization\"},\"potentialAction\":[{\"@type\":\"SearchAction\",\"target\":{\"@type\":\"EntryPoint\",\"urlTemplate\":\"https:\\\/\\\/stoll-freres.ch\\\/?s={search_term_string}\"},\"query-input\":{\"@type\":\"PropertyValueSpecification\",\"valueRequired\":true,\"valueName\":\"search_term_string\"}}],\"inLanguage\":\"es\"},{\"@type\":\"Organization\",\"@id\":\"https:\\\/\\\/stoll-freres.ch\\\/#organization\",\"name\":\"STOLL Fr\u00e8res SA\",\"url\":\"https:\\\/\\\/stoll-freres.ch\\\/\",\"logo\":{\"@type\":\"ImageObject\",\"inLanguage\":\"es\",\"@id\":\"https:\\\/\\\/stoll-freres.ch\\\/#\\\/schema\\\/logo\\\/image\\\/\",\"url\":\"https:\\\/\\\/stoll-freres.ch\\\/wp-content\\\/uploads\\\/2024\\\/10\\\/Stoll_Logo.png\",\"contentUrl\":\"https:\\\/\\\/stoll-freres.ch\\\/wp-content\\\/uploads\\\/2024\\\/10\\\/Stoll_Logo.png\",\"width\":800,\"height\":452,\"caption\":\"STOLL Fr\u00e8res SA\"},\"image\":{\"@id\":\"https:\\\/\\\/stoll-freres.ch\\\/#\\\/schema\\\/logo\\\/image\\\/\"}},{\"@type\":\"Person\",\"@id\":\"https:\\\/\\\/stoll-freres.ch\\\/#\\\/schema\\\/person\\\/f4c09d3b332fc58e708640ad2a9f9903\",\"name\":\"Deborah Coia\",\"url\":\"https:\\\/\\\/stoll-freres.ch\\\/es\\\/author\\\/deborahabelocom-ch\\\/\"}]}<\/script>\n<!-- \/ Yoast SEO plugin. -->","yoast_head_json":{"title":"Reuni\u00f3n con Rafal Krupa, gerente del invernadero de berenjenas - STOLL Fr\u00e8res SA","robots":{"index":"index","follow":"follow","max-snippet":"max-snippet:-1","max-image-preview":"max-image-preview:large","max-video-preview":"max-video-preview:-1"},"canonical":"https:\/\/stoll-freres.ch\/es\/reunion-con-rafal-krupa-gerente-del-invernadero-de-berenjenas\/","og_locale":"es_ES","og_type":"article","og_title":"Rencontre avec Rafal Krupa, responsable de la serre d\u2019aubergines - STOLL Fr\u00e8res SA","og_description":"Au fil des saisons, nous vous invitons \u00e0 faire la connaissance des femmes et des hommes qui mettent chaque jour leur \u00e9nergie et leur savoir-faire au service de notre exploitation. Entre deux r\u00e9coltes, nous retrouvons aujourd\u2019hui Rafal Krupa dans la serre d\u2019aubergines dont il est responsable.","og_url":"https:\/\/stoll-freres.ch\/es\/reunion-con-rafal-krupa-gerente-del-invernadero-de-berenjenas\/","og_site_name":"STOLL Fr\u00e8res SA","article_published_time":"2025-04-01T13:50:14+00:00","article_modified_time":"2025-05-07T13:30:01+00:00","og_image":[{"width":1600,"height":1076,"url":"https:\/\/stoll-freres.ch\/wp-content\/uploads\/2025\/04\/Rafal.jpg","type":"image\/jpeg"}],"author":"Deborah Coia","twitter_card":"summary_large_image","twitter_misc":{"Escrito por":"Deborah Coia","Tiempo de lectura":"3 minutos"},"schema":{"@context":"https:\/\/schema.org","@graph":[{"@type":"Article","@id":"https:\/\/stoll-freres.ch\/rencontre-avec-rafal-krupa-responsable-de-la-serre-daubergines\/#article","isPartOf":{"@id":"https:\/\/stoll-freres.ch\/rencontre-avec-rafal-krupa-responsable-de-la-serre-daubergines\/"},"author":{"name":"Deborah Coia","@id":"https:\/\/stoll-freres.ch\/#\/schema\/person\/f4c09d3b332fc58e708640ad2a9f9903"},"headline":"Rencontre avec Rafal Krupa, responsable de la serre d\u2019aubergines","datePublished":"2025-04-01T13:50:14+00:00","dateModified":"2025-05-07T13:30:01+00:00","mainEntityOfPage":{"@id":"https:\/\/stoll-freres.ch\/rencontre-avec-rafal-krupa-responsable-de-la-serre-daubergines\/"},"wordCount":562,"publisher":{"@id":"https:\/\/stoll-freres.ch\/#organization"},"image":{"@id":"https:\/\/stoll-freres.ch\/rencontre-avec-rafal-krupa-responsable-de-la-serre-daubergines\/#primaryimage"},"thumbnailUrl":"https:\/\/stoll-freres.ch\/wp-content\/uploads\/2025\/04\/Rafal.jpg","articleSection":["Cultures &amp; M\u00e9thodes","Portraits"],"inLanguage":"es"},{"@type":"WebPage","@id":"https:\/\/stoll-freres.ch\/rencontre-avec-rafal-krupa-responsable-de-la-serre-daubergines\/","url":"https:\/\/stoll-freres.ch\/rencontre-avec-rafal-krupa-responsable-de-la-serre-daubergines\/","name":"Reuni\u00f3n con Rafal Krupa, gerente del invernadero de berenjenas - STOLL Fr\u00e8res SA","isPartOf":{"@id":"https:\/\/stoll-freres.ch\/#website"},"primaryImageOfPage":{"@id":"https:\/\/stoll-freres.ch\/rencontre-avec-rafal-krupa-responsable-de-la-serre-daubergines\/#primaryimage"},"image":{"@id":"https:\/\/stoll-freres.ch\/rencontre-avec-rafal-krupa-responsable-de-la-serre-daubergines\/#primaryimage"},"thumbnailUrl":"https:\/\/stoll-freres.ch\/wp-content\/uploads\/2025\/04\/Rafal.jpg","datePublished":"2025-04-01T13:50:14+00:00","dateModified":"2025-05-07T13:30:01+00:00","breadcrumb":{"@id":"https:\/\/stoll-freres.ch\/rencontre-avec-rafal-krupa-responsable-de-la-serre-daubergines\/#breadcrumb"},"inLanguage":"es","potentialAction":[{"@type":"ReadAction","target":["https:\/\/stoll-freres.ch\/rencontre-avec-rafal-krupa-responsable-de-la-serre-daubergines\/"]}]},{"@type":"ImageObject","inLanguage":"es","@id":"https:\/\/stoll-freres.ch\/rencontre-avec-rafal-krupa-responsable-de-la-serre-daubergines\/#primaryimage","url":"https:\/\/stoll-freres.ch\/wp-content\/uploads\/2025\/04\/Rafal.jpg","contentUrl":"https:\/\/stoll-freres.ch\/wp-content\/uploads\/2025\/04\/Rafal.jpg","width":1600,"height":1076,"caption":"Portrait de Rafal"},{"@type":"BreadcrumbList","@id":"https:\/\/stoll-freres.ch\/rencontre-avec-rafal-krupa-responsable-de-la-serre-daubergines\/#breadcrumb","itemListElement":[{"@type":"ListItem","position":1,"name":"Accueil","item":"https:\/\/stoll-freres.ch\/"},{"@type":"ListItem","position":2,"name":"Rencontre avec Rafal Krupa, responsable de la serre d\u2019aubergines"}]},{"@type":"WebSite","@id":"https:\/\/stoll-freres.ch\/#website","url":"https:\/\/stoll-freres.ch\/","name":"STOLL Fr\u00e8res SA","description":"Venta al por mayor","publisher":{"@id":"https:\/\/stoll-freres.ch\/#organization"},"potentialAction":[{"@type":"SearchAction","target":{"@type":"EntryPoint","urlTemplate":"https:\/\/stoll-freres.ch\/?s={search_term_string}"},"query-input":{"@type":"PropertyValueSpecification","valueRequired":true,"valueName":"search_term_string"}}],"inLanguage":"es"},{"@type":"Organization","@id":"https:\/\/stoll-freres.ch\/#organization","name":"STOLL Fr\u00e8res SA","url":"https:\/\/stoll-freres.ch\/","logo":{"@type":"ImageObject","inLanguage":"es","@id":"https:\/\/stoll-freres.ch\/#\/schema\/logo\/image\/","url":"https:\/\/stoll-freres.ch\/wp-content\/uploads\/2024\/10\/Stoll_Logo.png","contentUrl":"https:\/\/stoll-freres.ch\/wp-content\/uploads\/2024\/10\/Stoll_Logo.png","width":800,"height":452,"caption":"STOLL Fr\u00e8res SA"},"image":{"@id":"https:\/\/stoll-freres.ch\/#\/schema\/logo\/image\/"}},{"@type":"Person","@id":"https:\/\/stoll-freres.ch\/#\/schema\/person\/f4c09d3b332fc58e708640ad2a9f9903","name":"D\u00e9borah Coia","url":"https:\/\/stoll-freres.ch\/es\/author\/deborahabelocom-ch\/"}]}},"_links":{"self":[{"href":"https:\/\/stoll-freres.ch\/es\/wp-json\/wp\/v2\/posts\/2061","targetHints":{"allow":["GET"]}}],"collection":[{"href":"https:\/\/stoll-freres.ch\/es\/wp-json\/wp\/v2\/posts"}],"about":[{"href":"https:\/\/stoll-freres.ch\/es\/wp-json\/wp\/v2\/types\/post"}],"author":[{"embeddable":true,"href":"https:\/\/stoll-freres.ch\/es\/wp-json\/wp\/v2\/users\/3"}],"replies":[{"embeddable":true,"href":"https:\/\/stoll-freres.ch\/es\/wp-json\/wp\/v2\/comments?post=2061"}],"version-history":[{"count":13,"href":"https:\/\/stoll-freres.ch\/es\/wp-json\/wp\/v2\/posts\/2061\/revisions"}],"predecessor-version":[{"id":2223,"href":"https:\/\/stoll-freres.ch\/es\/wp-json\/wp\/v2\/posts\/2061\/revisions\/2223"}],"wp:featuredmedia":[{"embeddable":true,"href":"https:\/\/stoll-freres.ch\/es\/wp-json\/wp\/v2\/media\/2069"}],"wp:attachment":[{"href":"https:\/\/stoll-freres.ch\/es\/wp-json\/wp\/v2\/media?parent=2061"}],"wp:term":[{"taxonomy":"category","embeddable":true,"href":"https:\/\/stoll-freres.ch\/es\/wp-json\/wp\/v2\/categories?post=2061"},{"taxonomy":"post_tag","embeddable":true,"href":"https:\/\/stoll-freres.ch\/es\/wp-json\/wp\/v2\/tags?post=2061"}],"curies":[{"name":"wp","href":"https:\/\/api.w.org\/{rel}","templated":true}]}}