{"id":2061,"date":"2025-04-01T15:50:14","date_gmt":"2025-04-01T13:50:14","guid":{"rendered":"https:\/\/stoll-freres.ch\/?p=2061"},"modified":"2025-05-07T15:30:01","modified_gmt":"2025-05-07T13:30:01","slug":"meeting-with-rafal-krupa-manager-of-the-eggplant-greenhouse","status":"publish","type":"post","link":"https:\/\/stoll-freres.ch\/en\/rencontre-avec-rafal-krupa-responsable-de-la-serre-daubergines\/","title":{"rendered":"Meeting with Rafal Krupa, head of the eggplant greenhouse"},"content":{"rendered":"<div data-elementor-type=\"wp-post\" data-elementor-id=\"2061\" class=\"elementor elementor-2061\" data-elementor-post-type=\"post\">\n\t\t\t\t\t\t<section class=\"elementor-section elementor-top-section elementor-element elementor-element-ef6ad4d elementor-section-boxed elementor-section-height-default elementor-section-height-default\" data-id=\"ef6ad4d\" data-element_type=\"section\" data-e-type=\"section\" id=\"actus\">\n\t\t\t\t\t\t<div class=\"elementor-container elementor-column-gap-default\">\n\t\t\t\t\t<div class=\"elementor-column elementor-col-100 elementor-top-column elementor-element elementor-element-7217661\" data-id=\"7217661\" data-element_type=\"column\" data-e-type=\"column\">\n\t\t\t<div class=\"elementor-widget-wrap elementor-element-populated\">\n\t\t\t\t\t\t<div class=\"elementor-element elementor-element-7c7670a elementor-widget elementor-widget-text-editor\" data-id=\"7c7670a\" data-element_type=\"widget\" data-e-type=\"widget\" data-widget_type=\"text-editor.default\">\n\t\t\t\t<div class=\"elementor-widget-container\">\n\t\t\t\t\t\t\t\t\t<p><span class=\"OYPEnA font-feature-liga-off font-feature-clig-off font-feature-calt-off text-decoration-none text-strikethrough-none\">\u00a9 creative synergies, Laurent Bailly<\/span><\/p>\t\t\t\t\t\t\t\t<\/div>\n\t\t\t\t<\/div>\n\t\t\t\t<div class=\"elementor-element elementor-element-f1195b2 elementor-widget elementor-widget-text-editor\" data-id=\"f1195b2\" data-element_type=\"widget\" data-e-type=\"widget\" data-widget_type=\"text-editor.default\">\n\t\t\t\t<div class=\"elementor-widget-container\">\n\t\t\t\t\t\t\t\t\t<h3>Change of universe, from transport to market gardening<\/h3>\n<p>Rafal Krupa was born in Poland, where he trained and worked as a truck and bus driver, crisscrossing his country and throughout central Europe. Nine years ago, his sister, then working for us, invited him to join her. He started as a seasonal worker in the eggplant greenhouse, took an interest in the job, learned quickly, and a few years later, was appointed manager.<\/p>\n<p>&quot;At first, it all seemed like magic,&quot; he recalls with a laugh, as he discusses his first steps in eggplant cultivation. But he quickly learned the techniques. Today, he&#039;s the one who prepares the nutrient mixes according to the cultivation manager&#039;s instructions and who carefully monitors the condition of the plants and fruit. &quot;When you pick up the eggplant, you know right away if it&#039;s good or not,&quot; he explains. He passes this expertise on to his team, ensuring that his work can be carried out in their absence.<\/p>\n<h3>The four seasons in the eggplant greenhouse<\/h3>\n<p>Planting takes place in winter and harvesting begins as early as March. This early start results in robust plants and abundant harvests in summer, which continue until October. At Stoll, we produce around 400 tons of eggplant per year to meet the growing demand for this fruity vegetable. Its consumption has increased significantly in Switzerland in recent years, driven by the rise of Mediterranean cuisine and the availability of these locally grown products.<\/p>\n<p>By late summer, the plants reach up to six meters tall, almost touching the greenhouse roof. Rafal and his team therefore spend much of their time up high, often in intense heat. The day systematically begins with picking, followed by plant care: training to guide their growth and pruning to retain only the most productive branches.<\/p>\n<h3>Between demanding work and moments of escape<\/h3>\n<p>Although his job is seasonal, Rafal plays a key role throughout the eggplant cycle. Leading his team for ten months in Switzerland, he oversees production and the organization of work within the greenhouse. In November and December, he returns to Poland to be with his family, before returning each year for a new season.<\/p>\n<p>A great lover of travel and long drives, he enjoys taking weekend getaways, often impromptu, depending on the mood of the moment. He appreciates Switzerland&#039;s central location in Europe, which allows him to quickly reach France and Italy, among his favorite destinations. One or two colleagues usually travel with him, transforming these getaways into moments of conviviality.<\/p>\n<p>With his career path, Rafal perfectly illustrates how rigor, a desire to progress, and commitment to others can pave the way for increased responsibilities. These qualities resonate with our values and contribute to the pleasure of working together.<\/p>\t\t\t\t\t\t\t\t<\/div>\n\t\t\t\t<\/div>\n\t\t\t\t\t<\/div>\n\t\t<\/div>\n\t\t\t\t\t<\/div>\n\t\t<\/section>\n\t\t\t\t<\/div>","protected":false},"excerpt":{"rendered":"<p>Throughout the seasons, we invite you to meet the women and men who devote their energy and expertise to our farm every day. Between harvests, today we meet Rafal Krupa in the eggplant greenhouse he manages.<\/p>","protected":false},"author":3,"featured_media":2069,"comment_status":"closed","ping_status":"closed","sticky":false,"template":"","format":"standard","meta":{"footnotes":""},"categories":[13,16],"tags":[],"class_list":["post-2061","post","type-post","status-publish","format-standard","has-post-thumbnail","hentry","category-cultures-methodes","category-portraits"],"yoast_head":"<!-- This site is optimized with the Yoast SEO plugin v27.5 - https:\/\/yoast.com\/product\/yoast-seo-wordpress\/ -->\n<title>Rencontre avec Rafal Krupa, responsable de la serre d\u2019aubergines - STOLL Fr\u00e8res SA<\/title>\n<meta name=\"robots\" content=\"index, follow, max-snippet:-1, max-image-preview:large, max-video-preview:-1\" \/>\n<link rel=\"canonical\" href=\"https:\/\/stoll-freres.ch\/en\/meeting-with-rafal-krupa-manager-of-the-eggplant-greenhouse\/\" \/>\n<meta property=\"og:locale\" content=\"en_GB\" \/>\n<meta property=\"og:type\" content=\"article\" \/>\n<meta property=\"og:title\" content=\"Rencontre avec Rafal Krupa, responsable de la serre d\u2019aubergines - STOLL Fr\u00e8res SA\" \/>\n<meta property=\"og:description\" content=\"Au fil des saisons, nous vous invitons \u00e0 faire la connaissance des femmes et des hommes qui mettent chaque jour leur \u00e9nergie et leur savoir-faire au service de notre exploitation. Entre deux r\u00e9coltes, nous retrouvons aujourd\u2019hui Rafal Krupa dans la serre d\u2019aubergines dont il est responsable.\" \/>\n<meta property=\"og:url\" content=\"https:\/\/stoll-freres.ch\/en\/meeting-with-rafal-krupa-manager-of-the-eggplant-greenhouse\/\" \/>\n<meta property=\"og:site_name\" content=\"STOLL Fr\u00e8res SA\" \/>\n<meta property=\"article:published_time\" content=\"2025-04-01T13:50:14+00:00\" \/>\n<meta property=\"article:modified_time\" content=\"2025-05-07T13:30:01+00:00\" \/>\n<meta property=\"og:image\" content=\"https:\/\/stoll-freres.ch\/wp-content\/uploads\/2025\/04\/Rafal.jpg\" \/>\n\t<meta property=\"og:image:width\" content=\"1600\" \/>\n\t<meta property=\"og:image:height\" content=\"1076\" \/>\n\t<meta property=\"og:image:type\" content=\"image\/jpeg\" \/>\n<meta name=\"author\" content=\"Deborah Coia\" \/>\n<meta name=\"twitter:card\" content=\"summary_large_image\" \/>\n<meta name=\"twitter:label1\" content=\"Written by\" \/>\n\t<meta name=\"twitter:data1\" content=\"Deborah Coia\" \/>\n\t<meta name=\"twitter:label2\" content=\"Estimated reading time\" \/>\n\t<meta name=\"twitter:data2\" content=\"3 minutes\" \/>\n<script type=\"application\/ld+json\" class=\"yoast-schema-graph\">{\"@context\":\"https:\\\/\\\/schema.org\",\"@graph\":[{\"@type\":\"Article\",\"@id\":\"https:\\\/\\\/stoll-freres.ch\\\/rencontre-avec-rafal-krupa-responsable-de-la-serre-daubergines\\\/#article\",\"isPartOf\":{\"@id\":\"https:\\\/\\\/stoll-freres.ch\\\/rencontre-avec-rafal-krupa-responsable-de-la-serre-daubergines\\\/\"},\"author\":{\"name\":\"Deborah Coia\",\"@id\":\"https:\\\/\\\/stoll-freres.ch\\\/#\\\/schema\\\/person\\\/f4c09d3b332fc58e708640ad2a9f9903\"},\"headline\":\"Rencontre avec Rafal Krupa, responsable de la serre d\u2019aubergines\",\"datePublished\":\"2025-04-01T13:50:14+00:00\",\"dateModified\":\"2025-05-07T13:30:01+00:00\",\"mainEntityOfPage\":{\"@id\":\"https:\\\/\\\/stoll-freres.ch\\\/rencontre-avec-rafal-krupa-responsable-de-la-serre-daubergines\\\/\"},\"wordCount\":562,\"publisher\":{\"@id\":\"https:\\\/\\\/stoll-freres.ch\\\/#organization\"},\"image\":{\"@id\":\"https:\\\/\\\/stoll-freres.ch\\\/rencontre-avec-rafal-krupa-responsable-de-la-serre-daubergines\\\/#primaryimage\"},\"thumbnailUrl\":\"https:\\\/\\\/stoll-freres.ch\\\/wp-content\\\/uploads\\\/2025\\\/04\\\/Rafal.jpg\",\"articleSection\":[\"Cultures &amp; M\u00e9thodes\",\"Portraits\"],\"inLanguage\":\"en-GB\"},{\"@type\":\"WebPage\",\"@id\":\"https:\\\/\\\/stoll-freres.ch\\\/rencontre-avec-rafal-krupa-responsable-de-la-serre-daubergines\\\/\",\"url\":\"https:\\\/\\\/stoll-freres.ch\\\/rencontre-avec-rafal-krupa-responsable-de-la-serre-daubergines\\\/\",\"name\":\"Rencontre avec Rafal Krupa, responsable de la serre d\u2019aubergines - STOLL Fr\u00e8res SA\",\"isPartOf\":{\"@id\":\"https:\\\/\\\/stoll-freres.ch\\\/#website\"},\"primaryImageOfPage\":{\"@id\":\"https:\\\/\\\/stoll-freres.ch\\\/rencontre-avec-rafal-krupa-responsable-de-la-serre-daubergines\\\/#primaryimage\"},\"image\":{\"@id\":\"https:\\\/\\\/stoll-freres.ch\\\/rencontre-avec-rafal-krupa-responsable-de-la-serre-daubergines\\\/#primaryimage\"},\"thumbnailUrl\":\"https:\\\/\\\/stoll-freres.ch\\\/wp-content\\\/uploads\\\/2025\\\/04\\\/Rafal.jpg\",\"datePublished\":\"2025-04-01T13:50:14+00:00\",\"dateModified\":\"2025-05-07T13:30:01+00:00\",\"breadcrumb\":{\"@id\":\"https:\\\/\\\/stoll-freres.ch\\\/rencontre-avec-rafal-krupa-responsable-de-la-serre-daubergines\\\/#breadcrumb\"},\"inLanguage\":\"en-GB\",\"potentialAction\":[{\"@type\":\"ReadAction\",\"target\":[\"https:\\\/\\\/stoll-freres.ch\\\/rencontre-avec-rafal-krupa-responsable-de-la-serre-daubergines\\\/\"]}]},{\"@type\":\"ImageObject\",\"inLanguage\":\"en-GB\",\"@id\":\"https:\\\/\\\/stoll-freres.ch\\\/rencontre-avec-rafal-krupa-responsable-de-la-serre-daubergines\\\/#primaryimage\",\"url\":\"https:\\\/\\\/stoll-freres.ch\\\/wp-content\\\/uploads\\\/2025\\\/04\\\/Rafal.jpg\",\"contentUrl\":\"https:\\\/\\\/stoll-freres.ch\\\/wp-content\\\/uploads\\\/2025\\\/04\\\/Rafal.jpg\",\"width\":1600,\"height\":1076,\"caption\":\"Portrait de Rafal\"},{\"@type\":\"BreadcrumbList\",\"@id\":\"https:\\\/\\\/stoll-freres.ch\\\/rencontre-avec-rafal-krupa-responsable-de-la-serre-daubergines\\\/#breadcrumb\",\"itemListElement\":[{\"@type\":\"ListItem\",\"position\":1,\"name\":\"Accueil\",\"item\":\"https:\\\/\\\/stoll-freres.ch\\\/\"},{\"@type\":\"ListItem\",\"position\":2,\"name\":\"Rencontre avec Rafal Krupa, responsable de la serre d\u2019aubergines\"}]},{\"@type\":\"WebSite\",\"@id\":\"https:\\\/\\\/stoll-freres.ch\\\/#website\",\"url\":\"https:\\\/\\\/stoll-freres.ch\\\/\",\"name\":\"STOLL Fr\u00e8res SA\",\"description\":\"Primeurs en gros\",\"publisher\":{\"@id\":\"https:\\\/\\\/stoll-freres.ch\\\/#organization\"},\"potentialAction\":[{\"@type\":\"SearchAction\",\"target\":{\"@type\":\"EntryPoint\",\"urlTemplate\":\"https:\\\/\\\/stoll-freres.ch\\\/?s={search_term_string}\"},\"query-input\":{\"@type\":\"PropertyValueSpecification\",\"valueRequired\":true,\"valueName\":\"search_term_string\"}}],\"inLanguage\":\"en-GB\"},{\"@type\":\"Organization\",\"@id\":\"https:\\\/\\\/stoll-freres.ch\\\/#organization\",\"name\":\"STOLL Fr\u00e8res SA\",\"url\":\"https:\\\/\\\/stoll-freres.ch\\\/\",\"logo\":{\"@type\":\"ImageObject\",\"inLanguage\":\"en-GB\",\"@id\":\"https:\\\/\\\/stoll-freres.ch\\\/#\\\/schema\\\/logo\\\/image\\\/\",\"url\":\"https:\\\/\\\/stoll-freres.ch\\\/wp-content\\\/uploads\\\/2024\\\/10\\\/Stoll_Logo.png\",\"contentUrl\":\"https:\\\/\\\/stoll-freres.ch\\\/wp-content\\\/uploads\\\/2024\\\/10\\\/Stoll_Logo.png\",\"width\":800,\"height\":452,\"caption\":\"STOLL Fr\u00e8res SA\"},\"image\":{\"@id\":\"https:\\\/\\\/stoll-freres.ch\\\/#\\\/schema\\\/logo\\\/image\\\/\"}},{\"@type\":\"Person\",\"@id\":\"https:\\\/\\\/stoll-freres.ch\\\/#\\\/schema\\\/person\\\/f4c09d3b332fc58e708640ad2a9f9903\",\"name\":\"Deborah Coia\",\"url\":\"https:\\\/\\\/stoll-freres.ch\\\/en\\\/author\\\/deborahabelocom-ch\\\/\"}]}<\/script>\n<!-- \/ Yoast SEO plugin. -->","yoast_head_json":{"title":"Meeting with Rafal Krupa, manager of the eggplant greenhouse - STOLL Fr\u00e8res SA","robots":{"index":"index","follow":"follow","max-snippet":"max-snippet:-1","max-image-preview":"max-image-preview:large","max-video-preview":"max-video-preview:-1"},"canonical":"https:\/\/stoll-freres.ch\/en\/meeting-with-rafal-krupa-manager-of-the-eggplant-greenhouse\/","og_locale":"en_GB","og_type":"article","og_title":"Rencontre avec Rafal Krupa, responsable de la serre d\u2019aubergines - STOLL Fr\u00e8res SA","og_description":"Au fil des saisons, nous vous invitons \u00e0 faire la connaissance des femmes et des hommes qui mettent chaque jour leur \u00e9nergie et leur savoir-faire au service de notre exploitation. Entre deux r\u00e9coltes, nous retrouvons aujourd\u2019hui Rafal Krupa dans la serre d\u2019aubergines dont il est responsable.","og_url":"https:\/\/stoll-freres.ch\/en\/meeting-with-rafal-krupa-manager-of-the-eggplant-greenhouse\/","og_site_name":"STOLL Fr\u00e8res SA","article_published_time":"2025-04-01T13:50:14+00:00","article_modified_time":"2025-05-07T13:30:01+00:00","og_image":[{"width":1600,"height":1076,"url":"https:\/\/stoll-freres.ch\/wp-content\/uploads\/2025\/04\/Rafal.jpg","type":"image\/jpeg"}],"author":"Deborah Coia","twitter_card":"summary_large_image","twitter_misc":{"Written by":"Deborah Coia","Estimated reading time":"3 minutes"},"schema":{"@context":"https:\/\/schema.org","@graph":[{"@type":"Article","@id":"https:\/\/stoll-freres.ch\/rencontre-avec-rafal-krupa-responsable-de-la-serre-daubergines\/#article","isPartOf":{"@id":"https:\/\/stoll-freres.ch\/rencontre-avec-rafal-krupa-responsable-de-la-serre-daubergines\/"},"author":{"name":"Deborah Coia","@id":"https:\/\/stoll-freres.ch\/#\/schema\/person\/f4c09d3b332fc58e708640ad2a9f9903"},"headline":"Rencontre avec Rafal Krupa, responsable de la serre d\u2019aubergines","datePublished":"2025-04-01T13:50:14+00:00","dateModified":"2025-05-07T13:30:01+00:00","mainEntityOfPage":{"@id":"https:\/\/stoll-freres.ch\/rencontre-avec-rafal-krupa-responsable-de-la-serre-daubergines\/"},"wordCount":562,"publisher":{"@id":"https:\/\/stoll-freres.ch\/#organization"},"image":{"@id":"https:\/\/stoll-freres.ch\/rencontre-avec-rafal-krupa-responsable-de-la-serre-daubergines\/#primaryimage"},"thumbnailUrl":"https:\/\/stoll-freres.ch\/wp-content\/uploads\/2025\/04\/Rafal.jpg","articleSection":["Cultures &amp; M\u00e9thodes","Portraits"],"inLanguage":"en-GB"},{"@type":"WebPage","@id":"https:\/\/stoll-freres.ch\/rencontre-avec-rafal-krupa-responsable-de-la-serre-daubergines\/","url":"https:\/\/stoll-freres.ch\/rencontre-avec-rafal-krupa-responsable-de-la-serre-daubergines\/","name":"Meeting with Rafal Krupa, manager of the eggplant greenhouse - STOLL Fr\u00e8res SA","isPartOf":{"@id":"https:\/\/stoll-freres.ch\/#website"},"primaryImageOfPage":{"@id":"https:\/\/stoll-freres.ch\/rencontre-avec-rafal-krupa-responsable-de-la-serre-daubergines\/#primaryimage"},"image":{"@id":"https:\/\/stoll-freres.ch\/rencontre-avec-rafal-krupa-responsable-de-la-serre-daubergines\/#primaryimage"},"thumbnailUrl":"https:\/\/stoll-freres.ch\/wp-content\/uploads\/2025\/04\/Rafal.jpg","datePublished":"2025-04-01T13:50:14+00:00","dateModified":"2025-05-07T13:30:01+00:00","breadcrumb":{"@id":"https:\/\/stoll-freres.ch\/rencontre-avec-rafal-krupa-responsable-de-la-serre-daubergines\/#breadcrumb"},"inLanguage":"en-GB","potentialAction":[{"@type":"ReadAction","target":["https:\/\/stoll-freres.ch\/rencontre-avec-rafal-krupa-responsable-de-la-serre-daubergines\/"]}]},{"@type":"ImageObject","inLanguage":"en-GB","@id":"https:\/\/stoll-freres.ch\/rencontre-avec-rafal-krupa-responsable-de-la-serre-daubergines\/#primaryimage","url":"https:\/\/stoll-freres.ch\/wp-content\/uploads\/2025\/04\/Rafal.jpg","contentUrl":"https:\/\/stoll-freres.ch\/wp-content\/uploads\/2025\/04\/Rafal.jpg","width":1600,"height":1076,"caption":"Portrait de Rafal"},{"@type":"BreadcrumbList","@id":"https:\/\/stoll-freres.ch\/rencontre-avec-rafal-krupa-responsable-de-la-serre-daubergines\/#breadcrumb","itemListElement":[{"@type":"ListItem","position":1,"name":"Accueil","item":"https:\/\/stoll-freres.ch\/"},{"@type":"ListItem","position":2,"name":"Rencontre avec Rafal Krupa, responsable de la serre d\u2019aubergines"}]},{"@type":"WebSite","@id":"https:\/\/stoll-freres.ch\/#website","url":"https:\/\/stoll-freres.ch\/","name":"STOLL Fr\u00e8res SA","description":"Primeurs wholesale","publisher":{"@id":"https:\/\/stoll-freres.ch\/#organization"},"potentialAction":[{"@type":"SearchAction","target":{"@type":"EntryPoint","urlTemplate":"https:\/\/stoll-freres.ch\/?s={search_term_string}"},"query-input":{"@type":"PropertyValueSpecification","valueRequired":true,"valueName":"search_term_string"}}],"inLanguage":"en-GB"},{"@type":"Organization","@id":"https:\/\/stoll-freres.ch\/#organization","name":"STOLL Fr\u00e8res SA","url":"https:\/\/stoll-freres.ch\/","logo":{"@type":"ImageObject","inLanguage":"en-GB","@id":"https:\/\/stoll-freres.ch\/#\/schema\/logo\/image\/","url":"https:\/\/stoll-freres.ch\/wp-content\/uploads\/2024\/10\/Stoll_Logo.png","contentUrl":"https:\/\/stoll-freres.ch\/wp-content\/uploads\/2024\/10\/Stoll_Logo.png","width":800,"height":452,"caption":"STOLL Fr\u00e8res SA"},"image":{"@id":"https:\/\/stoll-freres.ch\/#\/schema\/logo\/image\/"}},{"@type":"Person","@id":"https:\/\/stoll-freres.ch\/#\/schema\/person\/f4c09d3b332fc58e708640ad2a9f9903","name":"Deborah Coia","url":"https:\/\/stoll-freres.ch\/en\/author\/deborahabelocom-ch\/"}]}},"_links":{"self":[{"href":"https:\/\/stoll-freres.ch\/en\/wp-json\/wp\/v2\/posts\/2061","targetHints":{"allow":["GET"]}}],"collection":[{"href":"https:\/\/stoll-freres.ch\/en\/wp-json\/wp\/v2\/posts"}],"about":[{"href":"https:\/\/stoll-freres.ch\/en\/wp-json\/wp\/v2\/types\/post"}],"author":[{"embeddable":true,"href":"https:\/\/stoll-freres.ch\/en\/wp-json\/wp\/v2\/users\/3"}],"replies":[{"embeddable":true,"href":"https:\/\/stoll-freres.ch\/en\/wp-json\/wp\/v2\/comments?post=2061"}],"version-history":[{"count":13,"href":"https:\/\/stoll-freres.ch\/en\/wp-json\/wp\/v2\/posts\/2061\/revisions"}],"predecessor-version":[{"id":2223,"href":"https:\/\/stoll-freres.ch\/en\/wp-json\/wp\/v2\/posts\/2061\/revisions\/2223"}],"wp:featuredmedia":[{"embeddable":true,"href":"https:\/\/stoll-freres.ch\/en\/wp-json\/wp\/v2\/media\/2069"}],"wp:attachment":[{"href":"https:\/\/stoll-freres.ch\/en\/wp-json\/wp\/v2\/media?parent=2061"}],"wp:term":[{"taxonomy":"category","embeddable":true,"href":"https:\/\/stoll-freres.ch\/en\/wp-json\/wp\/v2\/categories?post=2061"},{"taxonomy":"post_tag","embeddable":true,"href":"https:\/\/stoll-freres.ch\/en\/wp-json\/wp\/v2\/tags?post=2061"}],"curies":[{"name":"wp","href":"https:\/\/api.w.org\/{rel}","templated":true}]}}